[{"@context":"https:\/\/schema.org\/","@type":"Article","@id":"https:\/\/www.ivaf.cz\/zapomente-na-najem-nyni-muzete-mit-vlastni-dum\/#Article","mainEntityOfPage":"https:\/\/www.ivaf.cz\/zapomente-na-najem-nyni-muzete-mit-vlastni-dum\/","headline":"Zapome\u0148te na n\u00e1jem, nyn\u00ed m\u016f\u017eete m\u00edt vlastn\u00ed d\u016fm!","name":"Zapome\u0148te na n\u00e1jem, nyn\u00ed m\u016f\u017eete m\u00edt vlastn\u00ed d\u016fm!","description":"P\u0159edstavte si, jak by to bylo b\u00e1je\u010dn\u00e9, kdybyste kone\u010dn\u011b mohli \u017e\u00edt pod vlastn\u00ed st\u0159echou. \u017d\u00edt ve sv\u00e9m vlastn\u00edm byt\u011b, kde by nebyl nikdo, kdo by v\u00e1m takovou idylu kazil. A\u0165 u\u017e svou \u010dinnost\u00ed, anebo prost\u011b jen svou p\u0159\u00edtomnost\u00ed. \u017divot pod vlastn\u00ed st\u0159echou je ov\u0161em skv\u011bl\u00fd nejen v tom, \u017ee \u010dlov\u011bku","datePublished":"2020-05-15","dateModified":"2023-05-22","author":{"@type":"Person","@id":"https:\/\/www.ivaf.cz\/author\/#Person","name":"","url":"https:\/\/www.ivaf.cz\/author\/","identifier":1,"image":{"@type":"ImageObject","@id":"https:\/\/secure.gravatar.com\/avatar\/c4e504508c75b610a351629e223ddd0c5b7858df84b2b7deedc4e007bdf99fc8?s=96&d=mm&r=g","url":"https:\/\/secure.gravatar.com\/avatar\/c4e504508c75b610a351629e223ddd0c5b7858df84b2b7deedc4e007bdf99fc8?s=96&d=mm&r=g","height":96,"width":96}},"publisher":{"@type":"Organization","name":"ivaf.cz","logo":{"@type":"ImageObject","@id":"\/logo.png","url":"\/logo.png","width":600,"height":60}},"image":{"@type":"ImageObject","@id":"https:\/\/www.ivaf.cz\/wp-content\/uploads\/cedule%20otev%C5%99eno.jpg","url":"https:\/\/www.ivaf.cz\/wp-content\/uploads\/cedule%20otev%C5%99eno.jpg","height":0,"width":0},"url":"https:\/\/www.ivaf.cz\/zapomente-na-najem-nyni-muzete-mit-vlastni-dum\/","about":["Slu\u017eby"],"wordCount":398,"articleBody":"   P\u0159edstavte si, jak by to bylo b\u00e1je\u010dn\u00e9, kdybyste kone\u010dn\u011b mohli \u017e\u00edt pod vlastn\u00ed st\u0159echou. \u017d\u00edt ve sv\u00e9m vlastn\u00edm byt\u011b, kde by nebyl nikdo, kdo by v\u00e1m takovou idylu kazil. A\u0165 u\u017e svou \u010dinnost\u00ed, anebo prost\u011b jen svou p\u0159\u00edtomnost\u00ed.\u017divot pod vlastn\u00ed st\u0159echou je ov\u0161em skv\u011bl\u00fd nejen v tom, \u017ee \u010dlov\u011bku umo\u017e\u0148uje \u017e\u00edt podle sv\u00fdch vlastn\u00edch pravidel, ale tak\u00e9 proto \u017ee je v\u00fdhodn\u011bj\u0161\u00ed \u2013 ve v\u0161ech ohledech, i finan\u010dn\u011b. Kdy\u017e budete vlastnit n\u011bjakou nemovitost, pak budete m\u00edt majetek, kter\u00fd bude m\u00edt v\u017edy svou hodnotu. A z tohoto pohledu se do n\u011bj vyplat\u00ed investovat, i kdybyste m\u011bli s\u00e1hnout po hypot\u00e9ce. Takov\u00e9 \u0159e\u0161en\u00ed je nakonec v\u00fdhodn\u011bj\u0161\u00ed, ne\u017e dlouhodob\u011b platit vysok\u00fd n\u00e1jem, ze kter\u00e9ho nakonec nikdy nic m\u00edt nebudete.Av\u0161ak to nejlep\u0161\u00ed \u0159e\u0161en\u00ed je, zajistit si vlastn\u00ed bydlen\u00ed, kter\u00e9 si budete moci po\u0159\u00eddit bez dluh\u016f, anebo jen s mal\u00fdm \u00fav\u011brem, kter\u00fd rychle splat\u00edte. V\u017edy\u0165 mili\u00f3n korun dok\u00e1\u017ee \u0159ada lid\u00ed na\u0161et\u0159it v rozumn\u011b kr\u00e1tk\u00e9m \u010dase!A pr\u00e1v\u011b tolik stoj\u00ed mobilheim od top-mobilnidomy!Jestli\u017ee mobiln\u00ed domy doposud nezn\u00e1te, m\u011bli byste se s nimi co nejd\u0159\u00edve sezn\u00e1mit. Popt\u00e1vka po nich v posledn\u00edch letech i v \u010cesk\u00e9 republice prudce stoup\u00e1, tak\u017ee na n\u011b jist\u011b velice brzy naraz\u00edte i ve va\u0161em okol\u00ed. V ka\u017ed\u00e9m p\u0159\u00edpad\u011b nejde o \u017e\u00e1dnou neprov\u011b\u0159enou novinku \u2013 na z\u00e1pad od n\u00e1s takto lid\u00e9 pravideln\u011b bydl\u00ed.Jak ji\u017e bylo \u0159e\u010deno, velkou p\u0159ednost\u00ed takov\u00e9ho bydlen\u00ed je n\u00edzk\u00e1 cena. Ta je vykoupena p\u0159edev\u0161\u00edm men\u0161\u00ed podlahovou plochou. Ten, kdo hled\u00e1 prostorn\u00fd velk\u00fd d\u016fm, bude nejsp\u00ed\u0161e zklaman\u00fd. Naopak ten, kdo d\u00e1v\u00e1 p\u0159ednost \u017eivotu v men\u0161\u00edm byt\u011b, ov\u0161em chyb\u00ed mu tam venkovn\u00ed z\u00e1zem\u00ed, bude nad\u0161en\u00fd. Mobilheimy se toti\u017e nejv\u00edce ze v\u0161eho podobaj\u00ed men\u0161\u00edm m\u011bstsk\u00fdm byt\u016fm, kter\u00e9 stoj\u00ed na vlastn\u00edm pozemku. Ov\u0161em pokud budete cht\u00edt, mohou st\u00e1t i na tom pronajat\u00e9m, tak\u017ee u\u0161et\u0159\u00edte je\u0161t\u011b v\u00edce pen\u011bz. A d\u00edky absenci pevn\u00fdch z\u00e1klad\u016f m\u016f\u017eete jejich polohu m\u011bnit dle aktu\u00e1ln\u00ed pot\u0159eby.                                                                                                                                                                                                                                                                                                                                                                                          4.6\/5 - (5 votes)        "},{"@context":"https:\/\/schema.org\/","@type":"BreadcrumbList","itemListElement":[{"@type":"ListItem","position":1,"name":"Zapome\u0148te na n\u00e1jem, nyn\u00ed m\u016f\u017eete m\u00edt vlastn\u00ed d\u016fm!","item":"https:\/\/www.ivaf.cz\/zapomente-na-najem-nyni-muzete-mit-vlastni-dum\/#breadcrumbitem"}]}]