[{"@context":"https:\/\/schema.org\/","@type":"Article","@id":"https:\/\/www.ivaf.cz\/vyhodime-vas-nabytek-za-vas\/#Article","mainEntityOfPage":"https:\/\/www.ivaf.cz\/vyhodime-vas-nabytek-za-vas\/","headline":"Vyhod\u00edme v\u00e1\u0161 n\u00e1bytek za v\u00e1s","name":"Vyhod\u00edme v\u00e1\u0161 n\u00e1bytek za v\u00e1s","description":"O tom, \u017ee probl\u00e9my s likvidac\u00ed star\u00e9ho interi\u00e9rov\u00e9ho vybaven\u00ed nejsou zdaleka ni\u010d\u00edm nov\u00fdm, n\u00e1s m\u016f\u017ee p\u0159esv\u011bd\u010dit Jan Neruda ve sv\u00e9 pov\u00eddce \u201eKam s n\u00edm?\u201c, ve kter\u00e9 \u0159e\u0161\u00ed pot\u00ed\u017e s odstran\u011bn\u00edm star\u00e9ho slamn\u00edku. Pokud by \u017eil v sou\u010dasn\u00e9 dob\u011b, pak by mohl vyu\u017e\u00edt nab\u00eddky firmy, kter\u00e1 se p\u0159\u00edmo specializuje na odvoz","datePublished":"2020-08-22","dateModified":"2023-10-10","author":{"@type":"Person","@id":"https:\/\/www.ivaf.cz\/author\/#Person","name":"","url":"https:\/\/www.ivaf.cz\/author\/","identifier":1,"image":{"@type":"ImageObject","@id":"https:\/\/secure.gravatar.com\/avatar\/c4e504508c75b610a351629e223ddd0c5b7858df84b2b7deedc4e007bdf99fc8?s=96&d=mm&r=g","url":"https:\/\/secure.gravatar.com\/avatar\/c4e504508c75b610a351629e223ddd0c5b7858df84b2b7deedc4e007bdf99fc8?s=96&d=mm&r=g","height":96,"width":96}},"publisher":{"@type":"Organization","name":"ivaf.cz","logo":{"@type":"ImageObject","@id":"\/logo.png","url":"\/logo.png","width":600,"height":60}},"image":{"@type":"ImageObject","@id":"https:\/\/www.ivaf.cz\/wp-content\/uploads\/img_a383917_w3364_t1597132311.jpg","url":"https:\/\/www.ivaf.cz\/wp-content\/uploads\/img_a383917_w3364_t1597132311.jpg","height":0,"width":0},"url":"https:\/\/www.ivaf.cz\/vyhodime-vas-nabytek-za-vas\/","about":["Slu\u017eby"],"wordCount":405,"articleBody":"      O tom, \u017ee probl\u00e9my s likvidac\u00ed star\u00e9ho interi\u00e9rov\u00e9ho vybaven\u00ed nejsou zdaleka ni\u010d\u00edm nov\u00fdm, n\u00e1s m\u016f\u017ee p\u0159esv\u011bd\u010dit Jan Neruda ve sv\u00e9 pov\u00eddce \u201eKam s n\u00edm?\u201c, ve kter\u00e9 \u0159e\u0161\u00ed pot\u00ed\u017e s odstran\u011bn\u00edm star\u00e9ho slamn\u00edku. Pokud by \u017eil v sou\u010dasn\u00e9 dob\u011b, pak by mohl vyu\u017e\u00edt nab\u00eddky firmy, kter\u00e1 se p\u0159\u00edmo specializuje na odvoz star\u00e9ho n\u00e1bytku, vykl\u00edzen\u00ed p\u016fd a sklep\u016f i jin\u00fdch bytov\u00fdch nebo nebytov\u00fdch prostor.   Ka\u017ed\u00fd, kdo se n\u011bkdy rozhodl pro obm\u011bnu interi\u00e9rov\u00e9ho vybaven\u00ed v\u00ed, jak\u00fd probl\u00e9m m\u016f\u017ee p\u0159in\u00e9st t\u0159eba jen jedna vy\u0159azen\u00e1 sk\u0159\u00ed\u0148. Je pravda, \u017ee jsou k dispozici sb\u011brn\u00e9 dvory, ve kter\u00fdch p\u0159ijmou prakticky v\u0161e, co poch\u00e1z\u00ed z na\u0161ich dom\u00e1cnost\u00ed. Ot\u00e1zkou je, jak na toto m\u00edsto star\u00e9 nepot\u0159ebnosti dopravit. Pokud se jedn\u00e1 o vyhozen\u00ed n\u00e1bytku men\u0161\u00edho rozsahu, pak to nebude \u017e\u00e1dn\u00fd velk\u00fd probl\u00e9m. Firma p\u0159istav\u00ed vhodn\u00e9 vozidlo a jednodu\u0161e n\u00e1bytek odveze. Jestli\u017ee se bude jednat o vykl\u00edzen\u00ed rozs\u00e1hlej\u0161\u00edch prostor nebo v\u011bt\u0161\u00edho mno\u017estv\u00ed materi\u00e1lu, pak je lep\u0161\u00ed variantou pron\u00e1jem a p\u0159istaven\u00ed kontejneru p\u0159\u00edmo na m\u00edsto. Toto \u0159e\u0161en\u00ed se v\u011bt\u0161inou vol\u00ed v p\u0159\u00edpad\u011b stavebn\u00edch nebo rekonstruk\u010dn\u00edch prac\u00ed na dom\u011b \u010di v jeho okol\u00ed.   U\u0161et\u0159\u00edte \u010das i finance Sb\u011brn\u00e9 dvory jsou dnes b\u011b\u017enou sou\u010d\u00e1st\u00ed komun\u00e1ln\u00edch slu\u017eeb ka\u017ed\u00e9 obce. Firma, kter\u00e1 se zab\u00fdv\u00e1 vykl\u00edzec\u00edmi a likvida\u010dn\u00edmi pracemi, m\u00e1 s nimi velk\u00e9 zku\u0161enosti. M\u016f\u017eete se tedy pln\u011b spolehnout na to, \u017ee va\u0161e nepot\u0159ebnosti budou zlikvidov\u00e1ny ekologick\u00fdm zp\u016fsobem a v \u017e\u00e1dn\u00e9m p\u0159\u00edpad\u011b nebude tak zat\u011b\u017eov\u00e1no \u017eivotn\u00ed prost\u0159ed\u00ed. D\u0159evo, plasty, pap\u00edr, sklo i dal\u0161\u00ed materi\u00e1ly budou rozt\u0159\u00edd\u011bny a dle mo\u017enost\u00ed recyklov\u00e1ny. Dal\u0161\u00edm argumentem, kter\u00fd hovo\u0159\u00ed pro odvoz na sb\u011brn\u00fd dv\u016fr pomoc\u00ed profesion\u00e1ln\u00ed firmy, je velk\u00e1 \u00faspora \u010dasu i finan\u010dn\u00edch prost\u0159edk\u016f.  V\u011bt\u0161inou toti\u017e nem\u00e1me dostate\u010dn\u011b prostorn\u00fd v\u016fz, kter\u00fd by pobral jedn\u00edm r\u00e1zem.   A pro\u010d si po\u0161kodit nebo za\u0161pinit interi\u00e9r sv\u00e9ho automobilu, kdy\u017e je to zcela zbyte\u010dn\u00e9.                                                                                                                                                                                                                                                                                                                                                                                            4.8\/5 - (6 votes)        "},{"@context":"https:\/\/schema.org\/","@type":"BreadcrumbList","itemListElement":[{"@type":"ListItem","position":1,"name":"Vyhod\u00edme v\u00e1\u0161 n\u00e1bytek za v\u00e1s","item":"https:\/\/www.ivaf.cz\/vyhodime-vas-nabytek-za-vas\/#breadcrumbitem"}]}]