[{"@context":"https:\/\/schema.org\/","@type":"Article","@id":"https:\/\/www.ivaf.cz\/to-je-nas-cesky\/#Article","mainEntityOfPage":"https:\/\/www.ivaf.cz\/to-je-nas-cesky\/","headline":"To je n\u00e1\u0161, \u010desk\u00fd","name":"To je n\u00e1\u0161, \u010desk\u00fd","description":"\u0158ekne-li se s\u00fdr, tak se n\u00e1m v\u011bt\u0161inou vybav\u00ed Francie, kter\u00e1\u017e to plat\u00ed za s\u00fdrovou velmoc, p\u0159\u00edpadn\u011b je\u0161t\u011b t\u0159eba \u0160v\u00fdcarsko nebo \u0158ecko a alpsk\u00e9 oblasti Rakouska a It\u00e1lie a pro na\u0161ince je zaj\u00edmav\u00e9 ur\u010dit\u011b i Slovensko se sv\u00fdmi s\u00fdrov\u00fdmi specialitami, kter\u00e9 jsou i u n\u00e1s bez probl\u00e9m\u016f k\u00a0dost\u00e1n\u00ed. Na tyto zem\u011b","datePublished":"2023-05-22","dateModified":"2023-05-22","author":{"@type":"Person","@id":"https:\/\/www.ivaf.cz\/author\/#Person","name":"","url":"https:\/\/www.ivaf.cz\/author\/","identifier":1,"image":{"@type":"ImageObject","@id":"https:\/\/secure.gravatar.com\/avatar\/c4e504508c75b610a351629e223ddd0c5b7858df84b2b7deedc4e007bdf99fc8?s=96&d=mm&r=g","url":"https:\/\/secure.gravatar.com\/avatar\/c4e504508c75b610a351629e223ddd0c5b7858df84b2b7deedc4e007bdf99fc8?s=96&d=mm&r=g","height":96,"width":96}},"publisher":{"@type":"Organization","name":"ivaf.cz","logo":{"@type":"ImageObject","@id":"\/logo.png","url":"\/logo.png","width":600,"height":60}},"image":{"@type":"ImageObject","@id":"https:\/\/www.ivaf.cz\/wp-content\/uploads\/img_a320222_w2277_t1531423332.jpg","url":"https:\/\/www.ivaf.cz\/wp-content\/uploads\/img_a320222_w2277_t1531423332.jpg","height":0,"width":0},"url":"https:\/\/www.ivaf.cz\/to-je-nas-cesky\/","wordCount":423,"articleBody":"\u0158ekne-li se s\u00fdr, tak se n\u00e1m v\u011bt\u0161inou vybav\u00ed Francie, kter\u00e1\u017e to plat\u00ed za s\u00fdrovou velmoc, p\u0159\u00edpadn\u011b je\u0161t\u011b t\u0159eba \u0160v\u00fdcarsko nebo \u0158ecko a alpsk\u00e9 oblasti Rakouska a It\u00e1lie a pro na\u0161ince je zaj\u00edmav\u00e9 ur\u010dit\u011b i Slovensko se sv\u00fdmi s\u00fdrov\u00fdmi specialitami, kter\u00e9 jsou i u n\u00e1s bez probl\u00e9m\u016f k\u00a0dost\u00e1n\u00ed. Na tyto zem\u011b ur\u010dit\u011b nem\u00e1me. Tak\u00e9 se u n\u00e1s kr\u00e1vy nepasou tolik na voln\u00fdch pastvin\u00e1ch, jako v\u00a0t\u011bchto zem\u00edch. Kdy\u017e u\u017e n\u011bjak\u00e9 venku vid\u00edme, b\u00fdvaj\u00ed to \u010dasto masn\u00e1 plemena. Ale p\u0159esto m\u00e1me n\u011bkter\u00e9 sv\u00e9 s\u00fdrov\u00e9 v\u00fdrobky, na kter\u00e9 m\u016f\u017eeme b\u00fdt py\u0161n\u00ed, a kter\u00e9 jsou nejen mezi \u010cechy velmi obl\u00edben\u00e9.Tady je p\u00e1r p\u0159\u00edklad\u016f\u00b7\u00a0\u00a0\u00a0\u00a0\u00a0\u00a0\u00a0\u00a0 Olomouck\u00e9 tvar\u016f\u017eky\/syre\u010dkyKdo by neznal libou v\u016fni t\u011bchto s\u00fdr\u016f, jejich specifickou matlavost, kdy\u017e dozr\u00e1vaj\u00ed. K\u00a0jejich konzumaci mus\u00edme tak\u00e9 \u010dasto dozr\u00e1t. D\u011btem v\u011bt\u0161inou moc nesed\u00ed, ale mnoho dosp\u011bl\u00fdch se po nich m\u016f\u017ee utlouct. S\u00a0\u010derstv\u00fdm chlebem, m\u00e1slem a cibul\u00ed jsou v\u00fdbornou ve\u010de\u0159\u00ed. A nen\u00ed to \u017e\u00e1dn\u00e1 kalorick\u00e1 bomba, sp\u00ed\u0161 naopak. Do muzea t\u011bchto s\u00fdr\u016f se m\u016f\u017eeme pod\u00edvat v\u00a0Lo\u0161tic\u00edch na Han\u00e9, kde se tak\u00e9 vyr\u00e1b\u00ed.\u00b7\u00a0\u00a0\u00a0\u00a0\u00a0\u00a0\u00a0\u00a0 Niva\u010cesk\u00e1 napodobenina francouzsk\u00e9ho Roquerfortu, s\u00fdr s\u00a0modrou pl\u00edsn\u00ed uvnit\u0159. Obl\u00edben\u00fd na r\u016fzn\u00e9 pomaz\u00e1nky a do om\u00e1\u010dek. Jiho\u010desk\u00e9 ml\u00e9k\u00e1rny maj\u00ed pro jeho v\u00fdrobu ochrann\u00e9 ozna\u010den\u00ed Evropsk\u00e9 unie, ale v\u00a0\u010cech\u00e1ch ho vyr\u00e1b\u00ed v\u00edcero firem.\u00b7\u00a0\u00a0\u00a0\u00a0\u00a0\u00a0\u00a0\u00a0 Hermel\u00edn\u010cesk\u00e1 napodobenina francouzsk\u00e9ho Camembertu, vyr\u00e1b\u011bn\u00e1 v\u00edcero firmami. S\u00fdr s\u00a0u\u0161lechtilou b\u00edlou pl\u00edsn\u00ed na povrchu, kter\u00fd je v\u00a0letn\u00ed sez\u00f3n\u011b obl\u00edben\u00fd na grilov\u00e1n\u00ed, k\u00a0v\u00ednu, nesm\u00ed chyb\u011bt nakl\u00e1dan\u00fd v\u00a0\u017e\u00e1dn\u00e9 hospod\u011b nebo se konzumuje i sma\u017een\u00fd.\u00b7\u00a0\u00a0\u00a0\u00a0\u00a0\u00a0\u00a0\u00a0 Jadel\u010cesk\u00e1 n\u00e1hra\u017eka italsk\u00fdch nebo \u0159eck\u00fdch ov\u010d\u00edch, \u010di kravsk\u00fdch pa\u0159en\u00fdch s\u00fdr\u016f. Je ukl\u00e1d\u00e1n ve slan\u00e9m n\u00e1levu a koup\u00edme ho i s\u00a0r\u016fzn\u00fdmi p\u0159\u00edchut\u011bmi.\u00b7\u00a0\u00a0\u00a0\u00a0\u00a0\u00a0\u00a0\u00a0 Bla\u0165\u00e1ck\u00e9 zlatoM\u011bkk\u00fd s\u00fdr vyr\u00e1b\u011bn\u00fd v\u00a0bochn\u00edc\u00edch, je \u010deskou napodobeninou italsk\u00e9ho Bel Paese. M\u016f\u017eeme koupit i varianty se zelen\u00fdm pep\u0159em nebo vla\u0161sk\u00fdmi o\u0159echy, je ide\u00e1ln\u00ed k\u00a0b\u00edl\u00e9mu v\u00ednu.                                                                                                                                                                                                                                                                                                                                                                                        4.6\/5 - (8 votes)        "},{"@context":"https:\/\/schema.org\/","@type":"BreadcrumbList","itemListElement":[{"@type":"ListItem","position":1,"name":"To je n\u00e1\u0161, \u010desk\u00fd","item":"https:\/\/www.ivaf.cz\/to-je-nas-cesky\/#breadcrumbitem"}]}]