[{"@context":"https:\/\/schema.org\/","@type":"Article","@id":"https:\/\/www.ivaf.cz\/slovinsko-si-pozornost-zaslouzi\/#Article","mainEntityOfPage":"https:\/\/www.ivaf.cz\/slovinsko-si-pozornost-zaslouzi\/","headline":"Slovinsko si pozornost zaslou\u017e\u00ed","name":"Slovinsko si pozornost zaslou\u017e\u00ed","description":"Cestov\u00e1n\u00ed se v na\u0161ich kon\u010din\u00e1ch odd\u00e1v\u00e1me u\u017e oded\u00e1vna. Cestujeme pom\u011brn\u011b \u010dasto a r\u00e1di a ur\u010dit\u011b bychom toho procestovali je\u0161t\u011b daleko v\u00edce, kdybychom m\u011bli d\u0159\u00edve tu mo\u017enost a dnes v\u00edce \u010dasu a finan\u010dn\u00edch prost\u0159edk\u016f. Nejeden z na\u0161inc\u016f si ale dnes \u010dasto posteskne, \u017ee on toho moc nacestovat nem\u016f\u017ee. To v\u00edte, pen\u011bz","datePublished":"2021-04-19","dateModified":"2023-08-21","author":{"@type":"Person","@id":"https:\/\/www.ivaf.cz\/author\/#Person","name":"","url":"https:\/\/www.ivaf.cz\/author\/","identifier":1,"image":{"@type":"ImageObject","@id":"https:\/\/secure.gravatar.com\/avatar\/c4e504508c75b610a351629e223ddd0c5b7858df84b2b7deedc4e007bdf99fc8?s=96&d=mm&r=g","url":"https:\/\/secure.gravatar.com\/avatar\/c4e504508c75b610a351629e223ddd0c5b7858df84b2b7deedc4e007bdf99fc8?s=96&d=mm&r=g","height":96,"width":96}},"publisher":{"@type":"Organization","name":"ivaf.cz","logo":{"@type":"ImageObject","@id":"\/logo.png","url":"\/logo.png","width":600,"height":60}},"image":{"@type":"ImageObject","@id":"https:\/\/www.ivaf.cz\/wp-content\/uploads\/hory%20Slovinska_2kZ645.jpg","url":"https:\/\/www.ivaf.cz\/wp-content\/uploads\/hory%20Slovinska_2kZ645.jpg","height":0,"width":0},"url":"https:\/\/www.ivaf.cz\/slovinsko-si-pozornost-zaslouzi\/","about":["Slu\u017eby"],"wordCount":403,"articleBody":"      Cestov\u00e1n\u00ed se v na\u0161ich kon\u010din\u00e1ch odd\u00e1v\u00e1me u\u017e oded\u00e1vna. Cestujeme pom\u011brn\u011b \u010dasto a r\u00e1di a ur\u010dit\u011b bychom toho procestovali je\u0161t\u011b daleko v\u00edce, kdybychom m\u011bli d\u0159\u00edve tu mo\u017enost a dnes v\u00edce \u010dasu a finan\u010dn\u00edch prost\u0159edk\u016f. Nejeden z na\u0161inc\u016f si ale dnes \u010dasto posteskne, \u017ee on toho moc nacestovat nem\u016f\u017ee. To v\u00edte, pen\u011bz nen\u00ed nazbyt a takov\u00e1 turistika p\u0159ece jenom n\u011bco stoj\u00ed, zejm\u00e9na pokud chce na\u0161inec vyrazit n\u011bkam, kde to v\u00e1\u017en\u011b stoj\u00ed za to, kde se d\u00e1 str\u00e1vit dovolen\u00e1, kterou budou \u010dlov\u011bku ostatn\u00ed z\u00e1vid\u011bt.  Ov\u0161em ti, kdo takto sm\u00fd\u0161lej\u00ed, nejednou jenom \u017eij\u00ed v nev\u011bdomosti. Proto\u017ee takov\u00e1 vcelku nedalek\u00e1, cenov\u011b dostupn\u00e1, a p\u0159itom nezprofanovan\u00e1 m\u00edsta m\u00e1me i skoro v sousedstv\u00ed. Vezm\u011bme si t\u0159eba takov\u00e9 Slovinsko. Kolik z n\u00e1s tento n\u00e1zev dob\u0159e zn\u00e1, ale kolik z n\u00e1s tam n\u011bkdy bylo nebo o tom aspo\u0148 uva\u017eovalo? Docela m\u00e1lo, \u017ee? Aspo\u0148 pokud tuto zemi srovn\u00e1me s jin\u00fdmi turisticky zn\u00e1m\u00fdmi destinacemi. A fakt, \u017ee tam mnoz\u00ed z n\u00e1s je\u0161t\u011b nikdy nebyli, neznamen\u00e1, \u017ee by n\u00e1m tam nebylo dop\u0159\u00e1no to, co od skv\u011bl\u00e9 dovolen\u00e9 o\u010dek\u00e1v\u00e1me. V\u017edy\u0165 pod\u00edvejte se zde:! No, nen\u00ed to kr\u00e1sa? Zat\u00edmco jsme se za dob minula ochotn\u011b t\u00edsnili v kempech n\u011bkde u Lipna, s minimem vymo\u017eenost\u00ed, dnes nepr\u00e1vem opom\u00edj\u00edme t\u0159eba pr\u00e1v\u011b kemp Cvet gora. Co\u017e je m\u00edsto, kde se d\u00e1 na rozd\u00edl od d\u00e1vn\u00fdch zku\u0161enost\u00ed s na\u0161imi kempy skute\u010dn\u011b c\u00edtit pohodln\u011b a bezpe\u010dn\u011b, a to a\u0165 u\u017e se tu \u010dlov\u011bk ubytuje ve stanu nebo obytn\u00e9 dod\u00e1vce \u010di karavanu.  Jde tu o ekologick\u00fd kemp v srdci slovinsk\u00fdch Alp s nedot\u010denou p\u0159\u00edrodou a tradi\u010dn\u00ed slovinskou pohostinnost\u00ed, o klidn\u00e1 m\u00edsta jako d\u011blan\u00e1 pro cestovatele-jednotlivce stejn\u011b jako pro p\u00e1ry, rodiny \u010di v\u011bt\u0161\u00ed skupiny. Nab\u00edz\u00ed se tu skv\u011bl\u00e9 sn\u00eddan\u011b, h\u0159i\u0161t\u011b pro d\u011bti, hory, jezero i prostor pro zv\u00ed\u0159ec\u00ed mil\u00e1\u010dky, d\u00e1 se tu jezdit na kolech, proch\u00e1zet se, plavat, l\u00e9zt po hor\u00e1ch\u2026 Prost\u011b se tu d\u00e1 str\u00e1vit dovolen\u00e1 sn\u016f.                                                                                                                                                                                                                                                                                                                                                                                          4.3\/5 - (6 votes)        "},{"@context":"https:\/\/schema.org\/","@type":"BreadcrumbList","itemListElement":[{"@type":"ListItem","position":1,"name":"Slovinsko si pozornost zaslou\u017e\u00ed","item":"https:\/\/www.ivaf.cz\/slovinsko-si-pozornost-zaslouzi\/#breadcrumbitem"}]}]