[{"@context":"https:\/\/schema.org\/","@type":"Blog","@id":"https:\/\/www.ivaf.cz#Blog","headline":"Ivaf","description":"\nHled\u00e1te takovou internetovou str\u00e1nku, na kter\u00e9 to v\u00e1\u017en\u011b \u017eije, kde se d\u00e1 v\u017edy nal\u00e9zt n\u011bco nov\u00e9ho? Pak je pro v\u00e1s pr\u00e1v\u011b n\u00e1\u0161 web to prav\u00e9 m\u00edsto.","url":"https:\/\/www.ivaf.cz","hasPart":[{"@type":"Article","@id":"https:\/\/www.ivaf.cz\/chytry-trik-cbd-oleje-o-kterem-nikdo-nemluvi\/","headline":"Chytr\u00fd trik cbd oleje, o kter\u00e9m nikdo nemluv\u00ed","url":"https:\/\/www.ivaf.cz\/chytry-trik-cbd-oleje-o-kterem-nikdo-nemluvi\/","datePublished":"2022-09-12","dateModified":"2023-05-22","mainEntityOfPage":"https:\/\/www.ivaf.cz\/chytry-trik-cbd-oleje-o-kterem-nikdo-nemluvi\/","author":{"@type":"Person","@id":"https:\/\/www.ivaf.cz\/author\/#Person","name":"","url":"https:\/\/www.ivaf.cz\/author\/","identifier":1,"image":{"@type":"ImageObject","@id":"https:\/\/secure.gravatar.com\/avatar\/c4e504508c75b610a351629e223ddd0c5b7858df84b2b7deedc4e007bdf99fc8?s=96&d=mm&r=g","url":"https:\/\/secure.gravatar.com\/avatar\/c4e504508c75b610a351629e223ddd0c5b7858df84b2b7deedc4e007bdf99fc8?s=96&d=mm&r=g","height":96,"width":96}},"publisher":{"@type":"Organization","name":"ivaf.cz","logo":{"@type":"ImageObject","@id":"\/logo.png","url":"\/logo.png","width":600,"height":60}},"image":{"@type":"ImageObject","@id":"https:\/\/www.ivaf.cz\/wp-content\/uploads\/Konopny_olej_ufk5Cv.jpg","url":"https:\/\/www.ivaf.cz\/wp-content\/uploads\/Konopny_olej_ufk5Cv.jpg","height":0,"width":0},"wordCount":831,"keywords":null},{"@type":"Article","@id":"https:\/\/www.ivaf.cz\/cbd-konopi-muze-byt-zabava-pro-kazdeho\/","headline":"Cbd konop\u00ed m\u016f\u017ee b\u00fdt z\u00e1bava pro ka\u017ed\u00e9ho","url":"https:\/\/www.ivaf.cz\/cbd-konopi-muze-byt-zabava-pro-kazdeho\/","datePublished":"2022-09-11","dateModified":"2023-05-22","mainEntityOfPage":"https:\/\/www.ivaf.cz\/cbd-konopi-muze-byt-zabava-pro-kazdeho\/","author":{"@type":"Person","@id":"https:\/\/www.ivaf.cz\/author\/#Person","name":"","url":"https:\/\/www.ivaf.cz\/author\/","identifier":1,"image":{"@type":"ImageObject","@id":"https:\/\/secure.gravatar.com\/avatar\/c4e504508c75b610a351629e223ddd0c5b7858df84b2b7deedc4e007bdf99fc8?s=96&d=mm&r=g","url":"https:\/\/secure.gravatar.com\/avatar\/c4e504508c75b610a351629e223ddd0c5b7858df84b2b7deedc4e007bdf99fc8?s=96&d=mm&r=g","height":96,"width":96}},"publisher":{"@type":"Organization","name":"ivaf.cz","logo":{"@type":"ImageObject","@id":"\/logo.png","url":"\/logo.png","width":600,"height":60}},"image":{"@type":"ImageObject","@id":"https:\/\/www.ivaf.cz\/wp-content\/uploads\/cbd_GCqzR0.jpg","url":"https:\/\/www.ivaf.cz\/wp-content\/uploads\/cbd_GCqzR0.jpg","height":0,"width":0},"wordCount":791,"keywords":null},{"@type":"Article","@id":"https:\/\/www.ivaf.cz\/kristal-a-rozklad-svetla\/","headline":"K\u0159i\u0161\u0165\u00e1l a rozklad sv\u011btla","url":"https:\/\/www.ivaf.cz\/kristal-a-rozklad-svetla\/","datePublished":"2022-08-22","dateModified":"2023-05-22","mainEntityOfPage":"https:\/\/www.ivaf.cz\/kristal-a-rozklad-svetla\/","author":{"@type":"Person","@id":"https:\/\/www.ivaf.cz\/author\/#Person","name":"","url":"https:\/\/www.ivaf.cz\/author\/","identifier":1,"image":{"@type":"ImageObject","@id":"https:\/\/secure.gravatar.com\/avatar\/c4e504508c75b610a351629e223ddd0c5b7858df84b2b7deedc4e007bdf99fc8?s=96&d=mm&r=g","url":"https:\/\/secure.gravatar.com\/avatar\/c4e504508c75b610a351629e223ddd0c5b7858df84b2b7deedc4e007bdf99fc8?s=96&d=mm&r=g","height":96,"width":96}},"publisher":{"@type":"Organization","name":"ivaf.cz","logo":{"@type":"ImageObject","@id":"\/logo.png","url":"\/logo.png","width":600,"height":60}},"image":{"@type":"ImageObject","@id":"https:\/\/www.ivaf.cz\/wp-content\/uploads\/krystal_2.jpg","url":"https:\/\/www.ivaf.cz\/wp-content\/uploads\/krystal_2.jpg","height":0,"width":0},"wordCount":630,"keywords":null},{"@type":"Article","@id":"https:\/\/www.ivaf.cz\/netradicni-pristup-ke-vzdelavani\/","headline":"Netradi\u010dn\u00ed p\u0159\u00edstup ke vzd\u011bl\u00e1v\u00e1n\u00ed","url":"https:\/\/www.ivaf.cz\/netradicni-pristup-ke-vzdelavani\/","datePublished":"2022-08-11","dateModified":"2023-05-22","mainEntityOfPage":"https:\/\/www.ivaf.cz\/netradicni-pristup-ke-vzdelavani\/","author":{"@type":"Person","@id":"https:\/\/www.ivaf.cz\/author\/#Person","name":"","url":"https:\/\/www.ivaf.cz\/author\/","identifier":1,"image":{"@type":"ImageObject","@id":"https:\/\/secure.gravatar.com\/avatar\/c4e504508c75b610a351629e223ddd0c5b7858df84b2b7deedc4e007bdf99fc8?s=96&d=mm&r=g","url":"https:\/\/secure.gravatar.com\/avatar\/c4e504508c75b610a351629e223ddd0c5b7858df84b2b7deedc4e007bdf99fc8?s=96&d=mm&r=g","height":96,"width":96}},"publisher":{"@type":"Organization","name":"ivaf.cz","logo":{"@type":"ImageObject","@id":"\/logo.png","url":"\/logo.png","width":600,"height":60}},"image":{"@type":"ImageObject","@id":"https:\/\/www.ivaf.cz\/wp-content\/uploads\/education-908512_640.jpg","url":"https:\/\/www.ivaf.cz\/wp-content\/uploads\/education-908512_640.jpg","height":0,"width":0},"wordCount":705,"keywords":null},{"@type":"Article","@id":"https:\/\/www.ivaf.cz\/plastove-kontejnery-pro-potravinarsky-prumysl\/","headline":"Plastov\u00e9 kontejnery pro potravin\u00e1\u0159sk\u00fd pr\u016fmysl","url":"https:\/\/www.ivaf.cz\/plastove-kontejnery-pro-potravinarsky-prumysl\/","datePublished":"2022-06-12","dateModified":"2023-07-21","mainEntityOfPage":"https:\/\/www.ivaf.cz\/plastove-kontejnery-pro-potravinarsky-prumysl\/","author":{"@type":"Person","@id":"https:\/\/www.ivaf.cz\/author\/#Person","name":"","url":"https:\/\/www.ivaf.cz\/author\/","identifier":1,"image":{"@type":"ImageObject","@id":"https:\/\/secure.gravatar.com\/avatar\/c4e504508c75b610a351629e223ddd0c5b7858df84b2b7deedc4e007bdf99fc8?s=96&d=mm&r=g","url":"https:\/\/secure.gravatar.com\/avatar\/c4e504508c75b610a351629e223ddd0c5b7858df84b2b7deedc4e007bdf99fc8?s=96&d=mm&r=g","height":96,"width":96}},"publisher":{"@type":"Organization","name":"ivaf.cz","logo":{"@type":"ImageObject","@id":"\/logo.png","url":"\/logo.png","width":600,"height":60}},"image":{"@type":"ImageObject","@id":"https:\/\/www.ivaf.cz\/wp-content\/uploads\/supermarket-949913_640_1.jpg","url":"https:\/\/www.ivaf.cz\/wp-content\/uploads\/supermarket-949913_640_1.jpg","height":0,"width":0},"wordCount":561,"keywords":null},{"@type":"Article","@id":"https:\/\/www.ivaf.cz\/nabidnete-vasim-zahranicnim-pratelum-netradicni-zazitky\/","headline":"Nab\u00eddn\u011bte va\u0161im zahrani\u010dn\u00edm p\u0159\u00e1tel\u016fm netradi\u010dn\u00ed z\u00e1\u017eitky","url":"https:\/\/www.ivaf.cz\/nabidnete-vasim-zahranicnim-pratelum-netradicni-zazitky\/","datePublished":"2022-05-30","dateModified":"2023-05-22","mainEntityOfPage":"https:\/\/www.ivaf.cz\/nabidnete-vasim-zahranicnim-pratelum-netradicni-zazitky\/","author":{"@type":"Person","@id":"https:\/\/www.ivaf.cz\/author\/#Person","name":"","url":"https:\/\/www.ivaf.cz\/author\/","identifier":1,"image":{"@type":"ImageObject","@id":"https:\/\/secure.gravatar.com\/avatar\/c4e504508c75b610a351629e223ddd0c5b7858df84b2b7deedc4e007bdf99fc8?s=96&d=mm&r=g","url":"https:\/\/secure.gravatar.com\/avatar\/c4e504508c75b610a351629e223ddd0c5b7858df84b2b7deedc4e007bdf99fc8?s=96&d=mm&r=g","height":96,"width":96}},"publisher":{"@type":"Organization","name":"ivaf.cz","logo":{"@type":"ImageObject","@id":"\/logo.png","url":"\/logo.png","width":600,"height":60}},"image":{"@type":"ImageObject","@id":"https:\/\/www.ivaf.cz\/wp-content\/uploads\/woman-1867074_640_3.jpg","url":"https:\/\/www.ivaf.cz\/wp-content\/uploads\/woman-1867074_640_3.jpg","height":0,"width":0},"wordCount":615,"keywords":null},{"@type":"Article","@id":"https:\/\/www.ivaf.cz\/priprava-bazenu-na-leto\/","headline":"P\u0159\u00edprava baz\u00e9nu na l\u00e9to","url":"https:\/\/www.ivaf.cz\/priprava-bazenu-na-leto\/","datePublished":"2022-05-07","dateModified":"2023-05-22","mainEntityOfPage":"https:\/\/www.ivaf.cz\/priprava-bazenu-na-leto\/","author":{"@type":"Person","@id":"https:\/\/www.ivaf.cz\/author\/#Person","name":"","url":"https:\/\/www.ivaf.cz\/author\/","identifier":1,"image":{"@type":"ImageObject","@id":"https:\/\/secure.gravatar.com\/avatar\/c4e504508c75b610a351629e223ddd0c5b7858df84b2b7deedc4e007bdf99fc8?s=96&d=mm&r=g","url":"https:\/\/secure.gravatar.com\/avatar\/c4e504508c75b610a351629e223ddd0c5b7858df84b2b7deedc4e007bdf99fc8?s=96&d=mm&r=g","height":96,"width":96}},"publisher":{"@type":"Organization","name":"ivaf.cz","logo":{"@type":"ImageObject","@id":"\/logo.png","url":"\/logo.png","width":600,"height":60}},"image":{"@type":"ImageObject","@id":"https:\/\/www.ivaf.cz\/wp-content\/uploads\/woman-4373078_640.jpg","url":"https:\/\/www.ivaf.cz\/wp-content\/uploads\/woman-4373078_640.jpg","height":0,"width":0},"wordCount":531,"keywords":null},{"@type":"Article","@id":"https:\/\/www.ivaf.cz\/mam-rada-kulturu\/","headline":"M\u00e1m r\u00e1da kulturu","url":"https:\/\/www.ivaf.cz\/mam-rada-kulturu\/","datePublished":"2022-04-29","dateModified":"2023-05-22","mainEntityOfPage":"https:\/\/www.ivaf.cz\/mam-rada-kulturu\/","author":{"@type":"Person","@id":"https:\/\/www.ivaf.cz\/author\/#Person","name":"","url":"https:\/\/www.ivaf.cz\/author\/","identifier":1,"image":{"@type":"ImageObject","@id":"https:\/\/secure.gravatar.com\/avatar\/c4e504508c75b610a351629e223ddd0c5b7858df84b2b7deedc4e007bdf99fc8?s=96&d=mm&r=g","url":"https:\/\/secure.gravatar.com\/avatar\/c4e504508c75b610a351629e223ddd0c5b7858df84b2b7deedc4e007bdf99fc8?s=96&d=mm&r=g","height":96,"width":96}},"publisher":{"@type":"Organization","name":"ivaf.cz","logo":{"@type":"ImageObject","@id":"\/logo.png","url":"\/logo.png","width":600,"height":60}},"image":{"@type":"ImageObject","@id":"https:\/\/www.ivaf.cz\/wp-content\/uploads\/fitness-1948813_640_2.jpg","url":"https:\/\/www.ivaf.cz\/wp-content\/uploads\/fitness-1948813_640_2.jpg","height":0,"width":0},"wordCount":521,"keywords":null},{"@type":"Article","@id":"https:\/\/www.ivaf.cz\/jidlem-se-da-hubnout\/","headline":"J\u00eddlem se d\u00e1 hubnout","url":"https:\/\/www.ivaf.cz\/jidlem-se-da-hubnout\/","datePublished":"2022-04-25","dateModified":"2023-05-22","mainEntityOfPage":"https:\/\/www.ivaf.cz\/jidlem-se-da-hubnout\/","author":{"@type":"Person","@id":"https:\/\/www.ivaf.cz\/author\/#Person","name":"","url":"https:\/\/www.ivaf.cz\/author\/","identifier":1,"image":{"@type":"ImageObject","@id":"https:\/\/secure.gravatar.com\/avatar\/c4e504508c75b610a351629e223ddd0c5b7858df84b2b7deedc4e007bdf99fc8?s=96&d=mm&r=g","url":"https:\/\/secure.gravatar.com\/avatar\/c4e504508c75b610a351629e223ddd0c5b7858df84b2b7deedc4e007bdf99fc8?s=96&d=mm&r=g","height":96,"width":96}},"publisher":{"@type":"Organization","name":"ivaf.cz","logo":{"@type":"ImageObject","@id":"\/logo.png","url":"\/logo.png","width":600,"height":60}},"image":{"@type":"ImageObject","@id":"https:\/\/www.ivaf.cz\/wp-content\/uploads\/%C5%A0achy%20se%20zeleninou_1.jpg","url":"https:\/\/www.ivaf.cz\/wp-content\/uploads\/%C5%A0achy%20se%20zeleninou_1.jpg","height":0,"width":0},"wordCount":660,"keywords":null},{"@type":"Article","@id":"https:\/\/www.ivaf.cz\/kotvicnik-zemni-vykazuje-ucinky-podobne-viagre\/","headline":"Kotvi\u010dn\u00edk zemn\u00ed vykazuje \u00fa\u010dinky podobn\u00e9 Viag\u0159e","url":"https:\/\/www.ivaf.cz\/kotvicnik-zemni-vykazuje-ucinky-podobne-viagre\/","datePublished":"2022-04-16","dateModified":"2023-05-22","mainEntityOfPage":"https:\/\/www.ivaf.cz\/kotvicnik-zemni-vykazuje-ucinky-podobne-viagre\/","author":{"@type":"Person","@id":"https:\/\/www.ivaf.cz\/author\/#Person","name":"","url":"https:\/\/www.ivaf.cz\/author\/","identifier":1,"image":{"@type":"ImageObject","@id":"https:\/\/secure.gravatar.com\/avatar\/c4e504508c75b610a351629e223ddd0c5b7858df84b2b7deedc4e007bdf99fc8?s=96&d=mm&r=g","url":"https:\/\/secure.gravatar.com\/avatar\/c4e504508c75b610a351629e223ddd0c5b7858df84b2b7deedc4e007bdf99fc8?s=96&d=mm&r=g","height":96,"width":96}},"publisher":{"@type":"Organization","name":"ivaf.cz","logo":{"@type":"ImageObject","@id":"\/logo.png","url":"\/logo.png","width":600,"height":60}},"image":{"@type":"ImageObject","@id":"https:\/\/www.ivaf.cz\/wp-content\/uploads\/pexels-cottonbro-3778898.jpg","url":"https:\/\/www.ivaf.cz\/wp-content\/uploads\/pexels-cottonbro-3778898.jpg","height":0,"width":0},"wordCount":642,"keywords":null}]},{"@context":"https:\/\/schema.org","@type":"WebSite","@id":"https:\/\/www.ivaf.cz\/#website","name":"Ivaf","url":"https:\/\/www.ivaf.cz","potentialAction":{"@type":"SearchAction","target":"https:\/\/www.ivaf.cz\/?s={search_term_string}","query-input":"required name=search_term_string"}}]