[{"@context":"https:\/\/schema.org\/","@type":"Blog","@id":"https:\/\/www.ivaf.cz#Blog","headline":"Ivaf","description":"\nHled\u00e1te takovou internetovou str\u00e1nku, na kter\u00e9 to v\u00e1\u017en\u011b \u017eije, kde se d\u00e1 v\u017edy nal\u00e9zt n\u011bco nov\u00e9ho? Pak je pro v\u00e1s pr\u00e1v\u011b n\u00e1\u0161 web to prav\u00e9 m\u00edsto.","url":"https:\/\/www.ivaf.cz","hasPart":[{"@type":"Article","@id":"https:\/\/www.ivaf.cz\/ochranne-sklo-na-iphone-14-pro\/","headline":"Ochrann\u00e9 sklo na iPhone 14 Pro","url":"https:\/\/www.ivaf.cz\/ochranne-sklo-na-iphone-14-pro\/","datePublished":"2023-06-07","dateModified":"2023-06-22","mainEntityOfPage":"https:\/\/www.ivaf.cz\/ochranne-sklo-na-iphone-14-pro\/","author":{"@type":"Person","@id":"https:\/\/www.ivaf.cz\/author\/#Person","name":"","url":"https:\/\/www.ivaf.cz\/author\/","identifier":1,"image":{"@type":"ImageObject","@id":"https:\/\/secure.gravatar.com\/avatar\/c4e504508c75b610a351629e223ddd0c5b7858df84b2b7deedc4e007bdf99fc8?s=96&d=mm&r=g","url":"https:\/\/secure.gravatar.com\/avatar\/c4e504508c75b610a351629e223ddd0c5b7858df84b2b7deedc4e007bdf99fc8?s=96&d=mm&r=g","height":96,"width":96}},"publisher":{"@type":"Organization","name":"ivaf.cz","logo":{"@type":"ImageObject","@id":"\/logo.png","url":"\/logo.png","width":600,"height":60}},"image":{"@type":"ImageObject","@id":"https:\/\/www.ivaf.cz\/wp-content\/uploads\/sklo_zTlyQr.jpg","url":"https:\/\/www.ivaf.cz\/wp-content\/uploads\/sklo_zTlyQr.jpg","height":0,"width":0},"wordCount":482,"keywords":null},{"@type":"Article","@id":"https:\/\/www.ivaf.cz\/mysli-nekdy-i-hlavou\/","headline":"Mysl\u00ed n\u011bkdy i hlavou?","url":"https:\/\/www.ivaf.cz\/mysli-nekdy-i-hlavou\/","datePublished":"2023-05-22","dateModified":"2023-05-22","mainEntityOfPage":"https:\/\/www.ivaf.cz\/mysli-nekdy-i-hlavou\/","author":{"@type":"Person","@id":"https:\/\/www.ivaf.cz\/author\/#Person","name":"","url":"https:\/\/www.ivaf.cz\/author\/","identifier":1,"image":{"@type":"ImageObject","@id":"https:\/\/secure.gravatar.com\/avatar\/c4e504508c75b610a351629e223ddd0c5b7858df84b2b7deedc4e007bdf99fc8?s=96&d=mm&r=g","url":"https:\/\/secure.gravatar.com\/avatar\/c4e504508c75b610a351629e223ddd0c5b7858df84b2b7deedc4e007bdf99fc8?s=96&d=mm&r=g","height":96,"width":96}},"publisher":{"@type":"Organization","name":"ivaf.cz","logo":{"@type":"ImageObject","@id":"\/logo.png","url":"\/logo.png","width":600,"height":60}},"image":{"@type":"ImageObject","@id":"https:\/\/www.ivaf.cz\/wp-content\/uploads\/img_a334709_w2147_t1548305541.jpg","url":"https:\/\/www.ivaf.cz\/wp-content\/uploads\/img_a334709_w2147_t1548305541.jpg","height":0,"width":0},"wordCount":500,"keywords":null},{"@type":"Article","@id":"https:\/\/www.ivaf.cz\/tipy-pro-zlepseni-vasi-pozornosti-a-koncentrace\/","headline":"Tipy pro zlep\u0161en\u00ed va\u0161\u00ed pozornosti a koncentrace","url":"https:\/\/www.ivaf.cz\/tipy-pro-zlepseni-vasi-pozornosti-a-koncentrace\/","datePublished":"2023-05-22","dateModified":"2023-05-22","mainEntityOfPage":"https:\/\/www.ivaf.cz\/tipy-pro-zlepseni-vasi-pozornosti-a-koncentrace\/","author":{"@type":"Person","@id":"https:\/\/www.ivaf.cz\/author\/#Person","name":"","url":"https:\/\/www.ivaf.cz\/author\/","identifier":1,"image":{"@type":"ImageObject","@id":"https:\/\/secure.gravatar.com\/avatar\/c4e504508c75b610a351629e223ddd0c5b7858df84b2b7deedc4e007bdf99fc8?s=96&d=mm&r=g","url":"https:\/\/secure.gravatar.com\/avatar\/c4e504508c75b610a351629e223ddd0c5b7858df84b2b7deedc4e007bdf99fc8?s=96&d=mm&r=g","height":96,"width":96}},"publisher":{"@type":"Organization","name":"ivaf.cz","logo":{"@type":"ImageObject","@id":"\/logo.png","url":"\/logo.png","width":600,"height":60}},"image":{"@type":"ImageObject","@id":"https:\/\/www.ivaf.cz\/wp-content\/uploads\/img_a329385_w2355_t1541860560.jpg","url":"https:\/\/www.ivaf.cz\/wp-content\/uploads\/img_a329385_w2355_t1541860560.jpg","height":0,"width":0},"wordCount":532,"keywords":null},{"@type":"Article","@id":"https:\/\/www.ivaf.cz\/to-je-nas-cesky\/","headline":"To je n\u00e1\u0161, \u010desk\u00fd","url":"https:\/\/www.ivaf.cz\/to-je-nas-cesky\/","datePublished":"2023-05-22","dateModified":"2023-05-22","mainEntityOfPage":"https:\/\/www.ivaf.cz\/to-je-nas-cesky\/","author":{"@type":"Person","@id":"https:\/\/www.ivaf.cz\/author\/#Person","name":"","url":"https:\/\/www.ivaf.cz\/author\/","identifier":1,"image":{"@type":"ImageObject","@id":"https:\/\/secure.gravatar.com\/avatar\/c4e504508c75b610a351629e223ddd0c5b7858df84b2b7deedc4e007bdf99fc8?s=96&d=mm&r=g","url":"https:\/\/secure.gravatar.com\/avatar\/c4e504508c75b610a351629e223ddd0c5b7858df84b2b7deedc4e007bdf99fc8?s=96&d=mm&r=g","height":96,"width":96}},"publisher":{"@type":"Organization","name":"ivaf.cz","logo":{"@type":"ImageObject","@id":"\/logo.png","url":"\/logo.png","width":600,"height":60}},"image":{"@type":"ImageObject","@id":"https:\/\/www.ivaf.cz\/wp-content\/uploads\/img_a320222_w2277_t1531423332.jpg","url":"https:\/\/www.ivaf.cz\/wp-content\/uploads\/img_a320222_w2277_t1531423332.jpg","height":0,"width":0},"wordCount":488,"keywords":null},{"@type":"Article","@id":"https:\/\/www.ivaf.cz\/firma-kodak-se-rozhodla-vydavat-virtualni-menu-kodakcoin\/","headline":"Firma Kodak se rozhodla vyd\u00e1vat virtu\u00e1ln\u00ed m\u011bnu KODAKCoin","url":"https:\/\/www.ivaf.cz\/firma-kodak-se-rozhodla-vydavat-virtualni-menu-kodakcoin\/","datePublished":"2023-05-22","dateModified":"2023-05-22","mainEntityOfPage":"https:\/\/www.ivaf.cz\/firma-kodak-se-rozhodla-vydavat-virtualni-menu-kodakcoin\/","author":{"@type":"Person","@id":"https:\/\/www.ivaf.cz\/author\/#Person","name":"","url":"https:\/\/www.ivaf.cz\/author\/","identifier":1,"image":{"@type":"ImageObject","@id":"https:\/\/secure.gravatar.com\/avatar\/c4e504508c75b610a351629e223ddd0c5b7858df84b2b7deedc4e007bdf99fc8?s=96&d=mm&r=g","url":"https:\/\/secure.gravatar.com\/avatar\/c4e504508c75b610a351629e223ddd0c5b7858df84b2b7deedc4e007bdf99fc8?s=96&d=mm&r=g","height":96,"width":96}},"publisher":{"@type":"Organization","name":"ivaf.cz","logo":{"@type":"ImageObject","@id":"\/logo.png","url":"\/logo.png","width":600,"height":60}},"image":{"@type":"ImageObject","@id":"https:\/\/www.ivaf.cz\/wp-content\/uploads\/img_a311619_w2089_t1522447069.jpg","url":"https:\/\/www.ivaf.cz\/wp-content\/uploads\/img_a311619_w2089_t1522447069.jpg","height":0,"width":0},"wordCount":431,"keywords":null},{"@type":"Article","@id":"https:\/\/www.ivaf.cz\/maslo-alfa-a-omega\/","headline":"M\u00e1slo \u2013 alfa a omega","url":"https:\/\/www.ivaf.cz\/maslo-alfa-a-omega\/","datePublished":"2023-05-22","dateModified":"2023-05-22","mainEntityOfPage":"https:\/\/www.ivaf.cz\/maslo-alfa-a-omega\/","author":{"@type":"Person","@id":"https:\/\/www.ivaf.cz\/author\/#Person","name":"","url":"https:\/\/www.ivaf.cz\/author\/","identifier":1,"image":{"@type":"ImageObject","@id":"https:\/\/secure.gravatar.com\/avatar\/c4e504508c75b610a351629e223ddd0c5b7858df84b2b7deedc4e007bdf99fc8?s=96&d=mm&r=g","url":"https:\/\/secure.gravatar.com\/avatar\/c4e504508c75b610a351629e223ddd0c5b7858df84b2b7deedc4e007bdf99fc8?s=96&d=mm&r=g","height":96,"width":96}},"publisher":{"@type":"Organization","name":"ivaf.cz","logo":{"@type":"ImageObject","@id":"\/logo.png","url":"\/logo.png","width":600,"height":60}},"image":{"@type":"ImageObject","@id":"https:\/\/www.ivaf.cz\/wp-content\/uploads\/img_a303720_w1978_t1514383554.jpg","url":"https:\/\/www.ivaf.cz\/wp-content\/uploads\/img_a303720_w1978_t1514383554.jpg","height":0,"width":0},"wordCount":491,"keywords":null},{"@type":"Article","@id":"https:\/\/www.ivaf.cz\/podkova-pro-stesti\/","headline":"Podkova pro \u0161t\u011bst\u00ed","url":"https:\/\/www.ivaf.cz\/podkova-pro-stesti\/","datePublished":"2023-05-22","dateModified":"2023-05-22","mainEntityOfPage":"https:\/\/www.ivaf.cz\/podkova-pro-stesti\/","author":{"@type":"Person","@id":"https:\/\/www.ivaf.cz\/author\/#Person","name":"","url":"https:\/\/www.ivaf.cz\/author\/","identifier":1,"image":{"@type":"ImageObject","@id":"https:\/\/secure.gravatar.com\/avatar\/c4e504508c75b610a351629e223ddd0c5b7858df84b2b7deedc4e007bdf99fc8?s=96&d=mm&r=g","url":"https:\/\/secure.gravatar.com\/avatar\/c4e504508c75b610a351629e223ddd0c5b7858df84b2b7deedc4e007bdf99fc8?s=96&d=mm&r=g","height":96,"width":96}},"publisher":{"@type":"Organization","name":"ivaf.cz","logo":{"@type":"ImageObject","@id":"\/logo.png","url":"\/logo.png","width":600,"height":60}},"image":{"@type":"ImageObject","@id":"https:\/\/www.ivaf.cz\/wp-content\/uploads\/img_a303102_w1794_t1513270403.png","url":"https:\/\/www.ivaf.cz\/wp-content\/uploads\/img_a303102_w1794_t1513270403.png","height":0,"width":0},"wordCount":487,"keywords":null},{"@type":"Article","@id":"https:\/\/www.ivaf.cz\/vratit-se-k-hodnotam\/","headline":"Vr\u00e1tit se k hodnot\u00e1m","url":"https:\/\/www.ivaf.cz\/vratit-se-k-hodnotam\/","datePublished":"2023-05-22","dateModified":"2023-05-22","mainEntityOfPage":"https:\/\/www.ivaf.cz\/vratit-se-k-hodnotam\/","author":{"@type":"Person","@id":"https:\/\/www.ivaf.cz\/author\/#Person","name":"","url":"https:\/\/www.ivaf.cz\/author\/","identifier":1,"image":{"@type":"ImageObject","@id":"https:\/\/secure.gravatar.com\/avatar\/c4e504508c75b610a351629e223ddd0c5b7858df84b2b7deedc4e007bdf99fc8?s=96&d=mm&r=g","url":"https:\/\/secure.gravatar.com\/avatar\/c4e504508c75b610a351629e223ddd0c5b7858df84b2b7deedc4e007bdf99fc8?s=96&d=mm&r=g","height":96,"width":96}},"publisher":{"@type":"Organization","name":"ivaf.cz","logo":{"@type":"ImageObject","@id":"\/logo.png","url":"\/logo.png","width":600,"height":60}},"image":{"@type":"ImageObject","@id":"https:\/\/www.ivaf.cz\/wp-content\/uploads\/img_a302652_w2207_t1512566278.jpg","url":"https:\/\/www.ivaf.cz\/wp-content\/uploads\/img_a302652_w2207_t1512566278.jpg","height":0,"width":0},"wordCount":499,"keywords":null},{"@type":"Article","@id":"https:\/\/www.ivaf.cz\/4-tipy-jak-cist-rychleji\/","headline":"4 tipy jak \u010d\u00edst rychleji","url":"https:\/\/www.ivaf.cz\/4-tipy-jak-cist-rychleji\/","datePublished":"2023-05-22","dateModified":"2023-05-22","mainEntityOfPage":"https:\/\/www.ivaf.cz\/4-tipy-jak-cist-rychleji\/","author":{"@type":"Person","@id":"https:\/\/www.ivaf.cz\/author\/#Person","name":"","url":"https:\/\/www.ivaf.cz\/author\/","identifier":1,"image":{"@type":"ImageObject","@id":"https:\/\/secure.gravatar.com\/avatar\/c4e504508c75b610a351629e223ddd0c5b7858df84b2b7deedc4e007bdf99fc8?s=96&d=mm&r=g","url":"https:\/\/secure.gravatar.com\/avatar\/c4e504508c75b610a351629e223ddd0c5b7858df84b2b7deedc4e007bdf99fc8?s=96&d=mm&r=g","height":96,"width":96}},"publisher":{"@type":"Organization","name":"ivaf.cz","logo":{"@type":"ImageObject","@id":"\/logo.png","url":"\/logo.png","width":600,"height":60}},"image":{"@type":"ImageObject","@id":"https:\/\/www.ivaf.cz\/wp-content\/uploads\/img_a301010_w2286_t1511090265.jpg","url":"https:\/\/www.ivaf.cz\/wp-content\/uploads\/img_a301010_w2286_t1511090265.jpg","height":0,"width":0},"wordCount":507,"keywords":null},{"@type":"Article","@id":"https:\/\/www.ivaf.cz\/proc-bychom-nepobyli-venku\/","headline":"Pro\u010d bychom nepobyli venku?","url":"https:\/\/www.ivaf.cz\/proc-bychom-nepobyli-venku\/","datePublished":"2023-05-22","dateModified":"2023-05-24","mainEntityOfPage":"https:\/\/www.ivaf.cz\/proc-bychom-nepobyli-venku\/","author":{"@type":"Person","@id":"https:\/\/www.ivaf.cz\/author\/#Person","name":"","url":"https:\/\/www.ivaf.cz\/author\/","identifier":1,"image":{"@type":"ImageObject","@id":"https:\/\/secure.gravatar.com\/avatar\/c4e504508c75b610a351629e223ddd0c5b7858df84b2b7deedc4e007bdf99fc8?s=96&d=mm&r=g","url":"https:\/\/secure.gravatar.com\/avatar\/c4e504508c75b610a351629e223ddd0c5b7858df84b2b7deedc4e007bdf99fc8?s=96&d=mm&r=g","height":96,"width":96}},"publisher":{"@type":"Organization","name":"ivaf.cz","logo":{"@type":"ImageObject","@id":"\/logo.png","url":"\/logo.png","width":600,"height":60}},"image":{"@type":"ImageObject","@id":"https:\/\/www.ivaf.cz\/wp-content\/uploads\/sss_5.jpg","url":"https:\/\/www.ivaf.cz\/wp-content\/uploads\/sss_5.jpg","height":0,"width":0},"wordCount":767,"keywords":null}]},{"@context":"https:\/\/schema.org","@type":"WebSite","@id":"https:\/\/www.ivaf.cz\/#website","name":"Ivaf","url":"https:\/\/www.ivaf.cz","potentialAction":{"@type":"SearchAction","target":"https:\/\/www.ivaf.cz\/?s={search_term_string}","query-input":"required name=search_term_string"}}]