[{"@context":"https:\/\/schema.org\/","@type":"Blog","@id":"https:\/\/www.ivaf.cz#Blog","headline":"Ivaf","description":"\nHled\u00e1te takovou internetovou str\u00e1nku, na kter\u00e9 to v\u00e1\u017en\u011b \u017eije, kde se d\u00e1 v\u017edy nal\u00e9zt n\u011bco nov\u00e9ho? Pak je pro v\u00e1s pr\u00e1v\u011b n\u00e1\u0161 web to prav\u00e9 m\u00edsto.","url":"https:\/\/www.ivaf.cz","hasPart":[{"@type":"Article","@id":"https:\/\/www.ivaf.cz\/vymena-oken-za-skvele-ceny\/","headline":"V\u00fdm\u011bna oken za skv\u011bl\u00e9 ceny","url":"https:\/\/www.ivaf.cz\/vymena-oken-za-skvele-ceny\/","datePublished":"2025-05-28","dateModified":"2025-05-28","mainEntityOfPage":"https:\/\/www.ivaf.cz\/vymena-oken-za-skvele-ceny\/","author":{"@type":"Person","@id":"https:\/\/www.ivaf.cz\/author\/#Person","name":"","url":"https:\/\/www.ivaf.cz\/author\/","identifier":1,"image":{"@type":"ImageObject","@id":"https:\/\/secure.gravatar.com\/avatar\/c4e504508c75b610a351629e223ddd0c5b7858df84b2b7deedc4e007bdf99fc8?s=96&d=mm&r=g","url":"https:\/\/secure.gravatar.com\/avatar\/c4e504508c75b610a351629e223ddd0c5b7858df84b2b7deedc4e007bdf99fc8?s=96&d=mm&r=g","height":96,"width":96}},"publisher":{"@type":"Organization","name":"ivaf.cz","logo":{"@type":"ImageObject","@id":"\/logo.png","url":"\/logo.png","width":600,"height":60}},"image":null,"wordCount":207,"keywords":null},{"@type":"Article","@id":"https:\/\/www.ivaf.cz\/snizte-zdravotni-rizika-pri-koureni\/","headline":"Sni\u017ete zdravotn\u00ed rizika p\u0159i kou\u0159en\u00ed","url":"https:\/\/www.ivaf.cz\/snizte-zdravotni-rizika-pri-koureni\/","datePublished":"2025-05-20","dateModified":"2025-05-20","mainEntityOfPage":"https:\/\/www.ivaf.cz\/snizte-zdravotni-rizika-pri-koureni\/","author":{"@type":"Person","@id":"https:\/\/www.ivaf.cz\/author\/#Person","name":"","url":"https:\/\/www.ivaf.cz\/author\/","identifier":1,"image":{"@type":"ImageObject","@id":"https:\/\/secure.gravatar.com\/avatar\/c4e504508c75b610a351629e223ddd0c5b7858df84b2b7deedc4e007bdf99fc8?s=96&d=mm&r=g","url":"https:\/\/secure.gravatar.com\/avatar\/c4e504508c75b610a351629e223ddd0c5b7858df84b2b7deedc4e007bdf99fc8?s=96&d=mm&r=g","height":96,"width":96}},"publisher":{"@type":"Organization","name":"ivaf.cz","logo":{"@type":"ImageObject","@id":"\/logo.png","url":"\/logo.png","width":600,"height":60}},"image":null,"wordCount":217,"keywords":null},{"@type":"Article","@id":"https:\/\/www.ivaf.cz\/hlavne-s-rozumem\/","headline":"Hlavn\u011b s rozumem","url":"https:\/\/www.ivaf.cz\/hlavne-s-rozumem\/","datePublished":"2025-05-14","dateModified":"2025-05-14","mainEntityOfPage":"https:\/\/www.ivaf.cz\/hlavne-s-rozumem\/","author":{"@type":"Person","@id":"https:\/\/www.ivaf.cz\/author\/#Person","name":"","url":"https:\/\/www.ivaf.cz\/author\/","identifier":1,"image":{"@type":"ImageObject","@id":"https:\/\/secure.gravatar.com\/avatar\/c4e504508c75b610a351629e223ddd0c5b7858df84b2b7deedc4e007bdf99fc8?s=96&d=mm&r=g","url":"https:\/\/secure.gravatar.com\/avatar\/c4e504508c75b610a351629e223ddd0c5b7858df84b2b7deedc4e007bdf99fc8?s=96&d=mm&r=g","height":96,"width":96}},"publisher":{"@type":"Organization","name":"ivaf.cz","logo":{"@type":"ImageObject","@id":"\/logo.png","url":"\/logo.png","width":600,"height":60}},"image":null,"wordCount":282,"keywords":null},{"@type":"Article","@id":"https:\/\/www.ivaf.cz\/nizke-ceny-oprav\/","headline":"N\u00edzk\u00e9 ceny oprav","url":"https:\/\/www.ivaf.cz\/nizke-ceny-oprav\/","datePublished":"2025-05-05","dateModified":"2025-05-05","mainEntityOfPage":"https:\/\/www.ivaf.cz\/nizke-ceny-oprav\/","author":{"@type":"Person","@id":"https:\/\/www.ivaf.cz\/author\/#Person","name":"","url":"https:\/\/www.ivaf.cz\/author\/","identifier":1,"image":{"@type":"ImageObject","@id":"https:\/\/secure.gravatar.com\/avatar\/c4e504508c75b610a351629e223ddd0c5b7858df84b2b7deedc4e007bdf99fc8?s=96&d=mm&r=g","url":"https:\/\/secure.gravatar.com\/avatar\/c4e504508c75b610a351629e223ddd0c5b7858df84b2b7deedc4e007bdf99fc8?s=96&d=mm&r=g","height":96,"width":96}},"publisher":{"@type":"Organization","name":"ivaf.cz","logo":{"@type":"ImageObject","@id":"\/logo.png","url":"\/logo.png","width":600,"height":60}},"image":null,"wordCount":249,"keywords":null},{"@type":"Article","@id":"https:\/\/www.ivaf.cz\/skutecne-znackove-obleceni-za-neskutecne-nizke-ceny\/","headline":"Skute\u010dn\u011b zna\u010dkov\u00e9 oble\u010den\u00ed za neskute\u010dn\u011b n\u00edzk\u00e9 ceny.","url":"https:\/\/www.ivaf.cz\/skutecne-znackove-obleceni-za-neskutecne-nizke-ceny\/","datePublished":"2025-04-28","dateModified":"2025-04-28","mainEntityOfPage":"https:\/\/www.ivaf.cz\/skutecne-znackove-obleceni-za-neskutecne-nizke-ceny\/","author":{"@type":"Person","@id":"https:\/\/www.ivaf.cz\/author\/#Person","name":"","url":"https:\/\/www.ivaf.cz\/author\/","identifier":1,"image":{"@type":"ImageObject","@id":"https:\/\/secure.gravatar.com\/avatar\/c4e504508c75b610a351629e223ddd0c5b7858df84b2b7deedc4e007bdf99fc8?s=96&d=mm&r=g","url":"https:\/\/secure.gravatar.com\/avatar\/c4e504508c75b610a351629e223ddd0c5b7858df84b2b7deedc4e007bdf99fc8?s=96&d=mm&r=g","height":96,"width":96}},"publisher":{"@type":"Organization","name":"ivaf.cz","logo":{"@type":"ImageObject","@id":"\/logo.png","url":"\/logo.png","width":600,"height":60}},"image":null,"wordCount":232,"keywords":null},{"@type":"Article","@id":"https:\/\/www.ivaf.cz\/vybavte-svuj-sklad-kvalitnimi-paletovymi-voziky\/","headline":"Vybavte sv\u016fj sklad kvalitn\u00edmi paletov\u00fdmi voz\u00edky","url":"https:\/\/www.ivaf.cz\/vybavte-svuj-sklad-kvalitnimi-paletovymi-voziky\/","datePublished":"2025-04-19","dateModified":"2025-04-19","mainEntityOfPage":"https:\/\/www.ivaf.cz\/vybavte-svuj-sklad-kvalitnimi-paletovymi-voziky\/","author":{"@type":"Person","@id":"https:\/\/www.ivaf.cz\/author\/#Person","name":"","url":"https:\/\/www.ivaf.cz\/author\/","identifier":1,"image":{"@type":"ImageObject","@id":"https:\/\/secure.gravatar.com\/avatar\/c4e504508c75b610a351629e223ddd0c5b7858df84b2b7deedc4e007bdf99fc8?s=96&d=mm&r=g","url":"https:\/\/secure.gravatar.com\/avatar\/c4e504508c75b610a351629e223ddd0c5b7858df84b2b7deedc4e007bdf99fc8?s=96&d=mm&r=g","height":96,"width":96}},"publisher":{"@type":"Organization","name":"ivaf.cz","logo":{"@type":"ImageObject","@id":"\/logo.png","url":"\/logo.png","width":600,"height":60}},"image":null,"wordCount":200,"keywords":null},{"@type":"Article","@id":"https:\/\/www.ivaf.cz\/nadherne-misto-pro-vase-radovanky\/","headline":"N\u00e1dhern\u00e9 m\u00edsto pro va\u0161e radov\u00e1nky","url":"https:\/\/www.ivaf.cz\/nadherne-misto-pro-vase-radovanky\/","datePublished":"2025-04-15","dateModified":"2025-04-15","mainEntityOfPage":"https:\/\/www.ivaf.cz\/nadherne-misto-pro-vase-radovanky\/","author":{"@type":"Person","@id":"https:\/\/www.ivaf.cz\/author\/#Person","name":"","url":"https:\/\/www.ivaf.cz\/author\/","identifier":1,"image":{"@type":"ImageObject","@id":"https:\/\/secure.gravatar.com\/avatar\/c4e504508c75b610a351629e223ddd0c5b7858df84b2b7deedc4e007bdf99fc8?s=96&d=mm&r=g","url":"https:\/\/secure.gravatar.com\/avatar\/c4e504508c75b610a351629e223ddd0c5b7858df84b2b7deedc4e007bdf99fc8?s=96&d=mm&r=g","height":96,"width":96}},"publisher":{"@type":"Organization","name":"ivaf.cz","logo":{"@type":"ImageObject","@id":"\/logo.png","url":"\/logo.png","width":600,"height":60}},"image":null,"wordCount":283,"keywords":null},{"@type":"Article","@id":"https:\/\/www.ivaf.cz\/damske-mikiny-pro-volny-cas-nasich-zen\/","headline":"D\u00e1msk\u00e9 mikiny pro voln\u00fd \u010das na\u0161ich \u017een","url":"https:\/\/www.ivaf.cz\/damske-mikiny-pro-volny-cas-nasich-zen\/","datePublished":"2025-04-09","dateModified":"2025-04-09","mainEntityOfPage":"https:\/\/www.ivaf.cz\/damske-mikiny-pro-volny-cas-nasich-zen\/","author":{"@type":"Person","@id":"https:\/\/www.ivaf.cz\/author\/#Person","name":"","url":"https:\/\/www.ivaf.cz\/author\/","identifier":1,"image":{"@type":"ImageObject","@id":"https:\/\/secure.gravatar.com\/avatar\/c4e504508c75b610a351629e223ddd0c5b7858df84b2b7deedc4e007bdf99fc8?s=96&d=mm&r=g","url":"https:\/\/secure.gravatar.com\/avatar\/c4e504508c75b610a351629e223ddd0c5b7858df84b2b7deedc4e007bdf99fc8?s=96&d=mm&r=g","height":96,"width":96}},"publisher":{"@type":"Organization","name":"ivaf.cz","logo":{"@type":"ImageObject","@id":"\/logo.png","url":"\/logo.png","width":600,"height":60}},"image":null,"wordCount":242,"keywords":null},{"@type":"Article","@id":"https:\/\/www.ivaf.cz\/vkusne-a-jednoduse\/","headline":"Vkusn\u011b a jednodu\u0161e","url":"https:\/\/www.ivaf.cz\/vkusne-a-jednoduse\/","datePublished":"2025-03-29","dateModified":"2025-03-29","mainEntityOfPage":"https:\/\/www.ivaf.cz\/vkusne-a-jednoduse\/","author":{"@type":"Person","@id":"https:\/\/www.ivaf.cz\/author\/#Person","name":"","url":"https:\/\/www.ivaf.cz\/author\/","identifier":1,"image":{"@type":"ImageObject","@id":"https:\/\/secure.gravatar.com\/avatar\/c4e504508c75b610a351629e223ddd0c5b7858df84b2b7deedc4e007bdf99fc8?s=96&d=mm&r=g","url":"https:\/\/secure.gravatar.com\/avatar\/c4e504508c75b610a351629e223ddd0c5b7858df84b2b7deedc4e007bdf99fc8?s=96&d=mm&r=g","height":96,"width":96}},"publisher":{"@type":"Organization","name":"ivaf.cz","logo":{"@type":"ImageObject","@id":"\/logo.png","url":"\/logo.png","width":600,"height":60}},"image":null,"wordCount":218,"keywords":null},{"@type":"Article","@id":"https:\/\/www.ivaf.cz\/regaly\/","headline":"Reg\u00e1ly","url":"https:\/\/www.ivaf.cz\/regaly\/","datePublished":"2025-03-21","dateModified":"2025-03-21","mainEntityOfPage":"https:\/\/www.ivaf.cz\/regaly\/","author":{"@type":"Person","@id":"https:\/\/www.ivaf.cz\/author\/#Person","name":"","url":"https:\/\/www.ivaf.cz\/author\/","identifier":1,"image":{"@type":"ImageObject","@id":"https:\/\/secure.gravatar.com\/avatar\/c4e504508c75b610a351629e223ddd0c5b7858df84b2b7deedc4e007bdf99fc8?s=96&d=mm&r=g","url":"https:\/\/secure.gravatar.com\/avatar\/c4e504508c75b610a351629e223ddd0c5b7858df84b2b7deedc4e007bdf99fc8?s=96&d=mm&r=g","height":96,"width":96}},"publisher":{"@type":"Organization","name":"ivaf.cz","logo":{"@type":"ImageObject","@id":"\/logo.png","url":"\/logo.png","width":600,"height":60}},"image":null,"wordCount":243,"keywords":null}]},{"@context":"https:\/\/schema.org","@type":"WebSite","@id":"https:\/\/www.ivaf.cz\/#website","name":"Ivaf","url":"https:\/\/www.ivaf.cz","potentialAction":{"@type":"SearchAction","target":"https:\/\/www.ivaf.cz\/?s={search_term_string}","query-input":"required name=search_term_string"}}]