[{"@context":"https:\/\/schema.org\/","@type":"Blog","@id":"https:\/\/www.ivaf.cz#Blog","headline":"Ivaf","description":"\nHled\u00e1te takovou internetovou str\u00e1nku, na kter\u00e9 to v\u00e1\u017en\u011b \u017eije, kde se d\u00e1 v\u017edy nal\u00e9zt n\u011bco nov\u00e9ho? Pak je pro v\u00e1s pr\u00e1v\u011b n\u00e1\u0161 web to prav\u00e9 m\u00edsto.","url":"https:\/\/www.ivaf.cz","hasPart":[{"@type":"Article","@id":"https:\/\/www.ivaf.cz\/jak-se-vam-libi-vzhled-vestavenych-skrini\/","headline":"Jak se v\u00e1m l\u00edb\u00ed vzhled vestav\u011bn\u00fdch sk\u0159\u00edn\u00ed","url":"https:\/\/www.ivaf.cz\/jak-se-vam-libi-vzhled-vestavenych-skrini\/","datePublished":"2022-04-03","dateModified":"2023-05-22","mainEntityOfPage":"https:\/\/www.ivaf.cz\/jak-se-vam-libi-vzhled-vestavenych-skrini\/","author":{"@type":"Person","@id":"https:\/\/www.ivaf.cz\/author\/#Person","name":"","url":"https:\/\/www.ivaf.cz\/author\/","identifier":1,"image":{"@type":"ImageObject","@id":"https:\/\/secure.gravatar.com\/avatar\/c4e504508c75b610a351629e223ddd0c5b7858df84b2b7deedc4e007bdf99fc8?s=96&d=mm&r=g","url":"https:\/\/secure.gravatar.com\/avatar\/c4e504508c75b610a351629e223ddd0c5b7858df84b2b7deedc4e007bdf99fc8?s=96&d=mm&r=g","height":96,"width":96}},"publisher":{"@type":"Organization","name":"ivaf.cz","logo":{"@type":"ImageObject","@id":"\/logo.png","url":"\/logo.png","width":600,"height":60}},"image":{"@type":"ImageObject","@id":"https:\/\/www.ivaf.cz\/wp-content\/uploads\/children-4508017_640_2.jpg","url":"https:\/\/www.ivaf.cz\/wp-content\/uploads\/children-4508017_640_2.jpg","height":0,"width":0},"wordCount":600,"keywords":null},{"@type":"Article","@id":"https:\/\/www.ivaf.cz\/nac-odsuzovat-vsechny\/","headline":"Na\u010d odsuzovat v\u0161echny?","url":"https:\/\/www.ivaf.cz\/nac-odsuzovat-vsechny\/","datePublished":"2022-03-17","dateModified":"2023-05-22","mainEntityOfPage":"https:\/\/www.ivaf.cz\/nac-odsuzovat-vsechny\/","author":{"@type":"Person","@id":"https:\/\/www.ivaf.cz\/author\/#Person","name":"","url":"https:\/\/www.ivaf.cz\/author\/","identifier":1,"image":{"@type":"ImageObject","@id":"https:\/\/secure.gravatar.com\/avatar\/c4e504508c75b610a351629e223ddd0c5b7858df84b2b7deedc4e007bdf99fc8?s=96&d=mm&r=g","url":"https:\/\/secure.gravatar.com\/avatar\/c4e504508c75b610a351629e223ddd0c5b7858df84b2b7deedc4e007bdf99fc8?s=96&d=mm&r=g","height":96,"width":96}},"publisher":{"@type":"Organization","name":"ivaf.cz","logo":{"@type":"ImageObject","@id":"\/logo.png","url":"\/logo.png","width":600,"height":60}},"image":{"@type":"ImageObject","@id":"https:\/\/www.ivaf.cz\/wp-content\/uploads\/hands-g3880e92a5_640.jpg","url":"https:\/\/www.ivaf.cz\/wp-content\/uploads\/hands-g3880e92a5_640.jpg","height":0,"width":0},"wordCount":588,"keywords":null},{"@type":"Article","@id":"https:\/\/www.ivaf.cz\/co-jsem-potreboval-slyset-o-psychoterapii\/","headline":"Co jsem pot\u0159eboval sly\u0161et o psychoterapii","url":"https:\/\/www.ivaf.cz\/co-jsem-potreboval-slyset-o-psychoterapii\/","datePublished":"2022-02-21","dateModified":"2023-05-22","mainEntityOfPage":"https:\/\/www.ivaf.cz\/co-jsem-potreboval-slyset-o-psychoterapii\/","author":{"@type":"Person","@id":"https:\/\/www.ivaf.cz\/author\/#Person","name":"","url":"https:\/\/www.ivaf.cz\/author\/","identifier":1,"image":{"@type":"ImageObject","@id":"https:\/\/secure.gravatar.com\/avatar\/c4e504508c75b610a351629e223ddd0c5b7858df84b2b7deedc4e007bdf99fc8?s=96&d=mm&r=g","url":"https:\/\/secure.gravatar.com\/avatar\/c4e504508c75b610a351629e223ddd0c5b7858df84b2b7deedc4e007bdf99fc8?s=96&d=mm&r=g","height":96,"width":96}},"publisher":{"@type":"Organization","name":"ivaf.cz","logo":{"@type":"ImageObject","@id":"\/logo.png","url":"\/logo.png","width":600,"height":60}},"image":{"@type":"ImageObject","@id":"https:\/\/www.ivaf.cz\/wp-content\/uploads\/navsteva_u_terapeuta_se_podoba_setkani_v_kavarne_EtHaX5.jpg","url":"https:\/\/www.ivaf.cz\/wp-content\/uploads\/navsteva_u_terapeuta_se_podoba_setkani_v_kavarne_EtHaX5.jpg","height":0,"width":0},"wordCount":2533,"keywords":null},{"@type":"Article","@id":"https:\/\/www.ivaf.cz\/slimaci-v-zahrade\/","headline":"Slim\u00e1ci v zahrad\u011b","url":"https:\/\/www.ivaf.cz\/slimaci-v-zahrade\/","datePublished":"2021-12-13","dateModified":"2023-05-22","mainEntityOfPage":"https:\/\/www.ivaf.cz\/slimaci-v-zahrade\/","author":{"@type":"Person","@id":"https:\/\/www.ivaf.cz\/author\/#Person","name":"","url":"https:\/\/www.ivaf.cz\/author\/","identifier":1,"image":{"@type":"ImageObject","@id":"https:\/\/secure.gravatar.com\/avatar\/c4e504508c75b610a351629e223ddd0c5b7858df84b2b7deedc4e007bdf99fc8?s=96&d=mm&r=g","url":"https:\/\/secure.gravatar.com\/avatar\/c4e504508c75b610a351629e223ddd0c5b7858df84b2b7deedc4e007bdf99fc8?s=96&d=mm&r=g","height":96,"width":96}},"publisher":{"@type":"Organization","name":"ivaf.cz","logo":{"@type":"ImageObject","@id":"\/logo.png","url":"\/logo.png","width":600,"height":60}},"image":{"@type":"ImageObject","@id":"https:\/\/www.ivaf.cz\/wp-content\/uploads\/text%20kom5_1.jpg","url":"https:\/\/www.ivaf.cz\/wp-content\/uploads\/text%20kom5_1.jpg","height":0,"width":0},"wordCount":511,"keywords":null},{"@type":"Article","@id":"https:\/\/www.ivaf.cz\/co-se-v-mladi-naucis-ve-stari-jakoby-najdes\/","headline":"Co se v ml\u00e1d\u00ed nau\u010d\u00ed\u0161, ve st\u00e1\u0159\u00ed jakoby najde\u0161.","url":"https:\/\/www.ivaf.cz\/co-se-v-mladi-naucis-ve-stari-jakoby-najdes\/","datePublished":"2021-11-13","dateModified":"2023-05-22","mainEntityOfPage":"https:\/\/www.ivaf.cz\/co-se-v-mladi-naucis-ve-stari-jakoby-najdes\/","author":{"@type":"Person","@id":"https:\/\/www.ivaf.cz\/author\/#Person","name":"","url":"https:\/\/www.ivaf.cz\/author\/","identifier":1,"image":{"@type":"ImageObject","@id":"https:\/\/secure.gravatar.com\/avatar\/c4e504508c75b610a351629e223ddd0c5b7858df84b2b7deedc4e007bdf99fc8?s=96&d=mm&r=g","url":"https:\/\/secure.gravatar.com\/avatar\/c4e504508c75b610a351629e223ddd0c5b7858df84b2b7deedc4e007bdf99fc8?s=96&d=mm&r=g","height":96,"width":96}},"publisher":{"@type":"Organization","name":"ivaf.cz","logo":{"@type":"ImageObject","@id":"\/logo.png","url":"\/logo.png","width":600,"height":60}},"image":{"@type":"ImageObject","@id":"https:\/\/www.ivaf.cz\/wp-content\/uploads\/colorful-gc44abe519_640_1.jpg","url":"https:\/\/www.ivaf.cz\/wp-content\/uploads\/colorful-gc44abe519_640_1.jpg","height":0,"width":0},"wordCount":524,"keywords":null},{"@type":"Article","@id":"https:\/\/www.ivaf.cz\/co-patri-do-dokonale-a-klidem-naplnene-loznice-jak-vybrat-osvetleni-postel-ci-nocni-stolek\/","headline":"Co pat\u0159\u00ed do dokonal\u00e9 a klidem napln\u011bn\u00e9 lo\u017enice? Jak vybrat osv\u011btlen\u00ed, postel \u010di no\u010dn\u00ed stolek?","url":"https:\/\/www.ivaf.cz\/co-patri-do-dokonale-a-klidem-naplnene-loznice-jak-vybrat-osvetleni-postel-ci-nocni-stolek\/","datePublished":"2021-10-01","dateModified":"2023-05-22","mainEntityOfPage":"https:\/\/www.ivaf.cz\/co-patri-do-dokonale-a-klidem-naplnene-loznice-jak-vybrat-osvetleni-postel-ci-nocni-stolek\/","author":{"@type":"Person","@id":"https:\/\/www.ivaf.cz\/author\/#Person","name":"","url":"https:\/\/www.ivaf.cz\/author\/","identifier":1,"image":{"@type":"ImageObject","@id":"https:\/\/secure.gravatar.com\/avatar\/c4e504508c75b610a351629e223ddd0c5b7858df84b2b7deedc4e007bdf99fc8?s=96&d=mm&r=g","url":"https:\/\/secure.gravatar.com\/avatar\/c4e504508c75b610a351629e223ddd0c5b7858df84b2b7deedc4e007bdf99fc8?s=96&d=mm&r=g","height":96,"width":96}},"publisher":{"@type":"Organization","name":"ivaf.cz","logo":{"@type":"ImageObject","@id":"\/logo.png","url":"\/logo.png","width":600,"height":60}},"image":{"@type":"ImageObject","@id":"https:\/\/www.ivaf.cz\/wp-content\/uploads\/pexels-photo-3209035.jpeg","url":"https:\/\/www.ivaf.cz\/wp-content\/uploads\/pexels-photo-3209035.jpeg","height":0,"width":0},"wordCount":639,"keywords":null},{"@type":"Article","@id":"https:\/\/www.ivaf.cz\/zabit-je-nemuzeme-ale-bez-nich-to-take-nejde\/","headline":"Zab\u00edt je nem\u016f\u017eeme, ale bez nich to tak\u00e9 nejde","url":"https:\/\/www.ivaf.cz\/zabit-je-nemuzeme-ale-bez-nich-to-take-nejde\/","datePublished":"2021-09-04","dateModified":"2023-05-22","mainEntityOfPage":"https:\/\/www.ivaf.cz\/zabit-je-nemuzeme-ale-bez-nich-to-take-nejde\/","author":{"@type":"Person","@id":"https:\/\/www.ivaf.cz\/author\/#Person","name":"","url":"https:\/\/www.ivaf.cz\/author\/","identifier":1,"image":{"@type":"ImageObject","@id":"https:\/\/secure.gravatar.com\/avatar\/c4e504508c75b610a351629e223ddd0c5b7858df84b2b7deedc4e007bdf99fc8?s=96&d=mm&r=g","url":"https:\/\/secure.gravatar.com\/avatar\/c4e504508c75b610a351629e223ddd0c5b7858df84b2b7deedc4e007bdf99fc8?s=96&d=mm&r=g","height":96,"width":96}},"publisher":{"@type":"Organization","name":"ivaf.cz","logo":{"@type":"ImageObject","@id":"\/logo.png","url":"\/logo.png","width":600,"height":60}},"image":{"@type":"ImageObject","@id":"https:\/\/www.ivaf.cz\/wp-content\/uploads\/Opera%20Sn%C3%ADmek_2021-10-01_161237_www.kafe.cz.png","url":"https:\/\/www.ivaf.cz\/wp-content\/uploads\/Opera%20Sn%C3%ADmek_2021-10-01_161237_www.kafe.cz.png","height":0,"width":0},"wordCount":548,"keywords":null},{"@type":"Article","@id":"https:\/\/www.ivaf.cz\/soukromy-zubar-v-praze\/","headline":"Soukrom\u00fd zuba\u0159 v Praze","url":"https:\/\/www.ivaf.cz\/soukromy-zubar-v-praze\/","datePublished":"2021-06-21","dateModified":"2023-05-22","mainEntityOfPage":"https:\/\/www.ivaf.cz\/soukromy-zubar-v-praze\/","author":{"@type":"Person","@id":"https:\/\/www.ivaf.cz\/author\/#Person","name":"","url":"https:\/\/www.ivaf.cz\/author\/","identifier":1,"image":{"@type":"ImageObject","@id":"https:\/\/secure.gravatar.com\/avatar\/c4e504508c75b610a351629e223ddd0c5b7858df84b2b7deedc4e007bdf99fc8?s=96&d=mm&r=g","url":"https:\/\/secure.gravatar.com\/avatar\/c4e504508c75b610a351629e223ddd0c5b7858df84b2b7deedc4e007bdf99fc8?s=96&d=mm&r=g","height":96,"width":96}},"publisher":{"@type":"Organization","name":"ivaf.cz","logo":{"@type":"ImageObject","@id":"\/logo.png","url":"\/logo.png","width":600,"height":60}},"image":{"@type":"ImageObject","@id":"https:\/\/www.ivaf.cz\/wp-content\/uploads\/zubn%C3%AD%20l%C3%A9ka%C5%99_1.PNG","url":"https:\/\/www.ivaf.cz\/wp-content\/uploads\/zubn%C3%AD%20l%C3%A9ka%C5%99_1.PNG","height":0,"width":0},"wordCount":738,"keywords":null},{"@type":"Article","@id":"https:\/\/www.ivaf.cz\/bez-ekonomiky-se-neobejdeme\/","headline":"Bez ekonomiky se neobejdeme","url":"https:\/\/www.ivaf.cz\/bez-ekonomiky-se-neobejdeme\/","datePublished":"2021-05-29","dateModified":"2023-05-22","mainEntityOfPage":"https:\/\/www.ivaf.cz\/bez-ekonomiky-se-neobejdeme\/","author":{"@type":"Person","@id":"https:\/\/www.ivaf.cz\/author\/#Person","name":"","url":"https:\/\/www.ivaf.cz\/author\/","identifier":1,"image":{"@type":"ImageObject","@id":"https:\/\/secure.gravatar.com\/avatar\/c4e504508c75b610a351629e223ddd0c5b7858df84b2b7deedc4e007bdf99fc8?s=96&d=mm&r=g","url":"https:\/\/secure.gravatar.com\/avatar\/c4e504508c75b610a351629e223ddd0c5b7858df84b2b7deedc4e007bdf99fc8?s=96&d=mm&r=g","height":96,"width":96}},"publisher":{"@type":"Organization","name":"ivaf.cz","logo":{"@type":"ImageObject","@id":"\/logo.png","url":"\/logo.png","width":600,"height":60}},"image":{"@type":"ImageObject","@id":"https:\/\/www.ivaf.cz\/wp-content\/uploads\/indick%C3%A9%20pen%C3%ADze_6.jpg","url":"https:\/\/www.ivaf.cz\/wp-content\/uploads\/indick%C3%A9%20pen%C3%ADze_6.jpg","height":0,"width":0},"wordCount":724,"keywords":null},{"@type":"Article","@id":"https:\/\/www.ivaf.cz\/hledame-praci\/","headline":"Hled\u00e1me pr\u00e1ci","url":"https:\/\/www.ivaf.cz\/hledame-praci\/","datePublished":"2021-05-29","dateModified":"2023-05-22","mainEntityOfPage":"https:\/\/www.ivaf.cz\/hledame-praci\/","author":{"@type":"Person","@id":"https:\/\/www.ivaf.cz\/author\/#Person","name":"","url":"https:\/\/www.ivaf.cz\/author\/","identifier":1,"image":{"@type":"ImageObject","@id":"https:\/\/secure.gravatar.com\/avatar\/c4e504508c75b610a351629e223ddd0c5b7858df84b2b7deedc4e007bdf99fc8?s=96&d=mm&r=g","url":"https:\/\/secure.gravatar.com\/avatar\/c4e504508c75b610a351629e223ddd0c5b7858df84b2b7deedc4e007bdf99fc8?s=96&d=mm&r=g","height":96,"width":96}},"publisher":{"@type":"Organization","name":"ivaf.cz","logo":{"@type":"ImageObject","@id":"\/logo.png","url":"\/logo.png","width":600,"height":60}},"image":{"@type":"ImageObject","@id":"https:\/\/www.ivaf.cz\/wp-content\/uploads\/d%C4%9Bln%C3%ADk_2.jpg","url":"https:\/\/www.ivaf.cz\/wp-content\/uploads\/d%C4%9Bln%C3%ADk_2.jpg","height":0,"width":0},"wordCount":632,"keywords":null}]},{"@context":"https:\/\/schema.org","@type":"WebSite","@id":"https:\/\/www.ivaf.cz\/#website","name":"Ivaf","url":"https:\/\/www.ivaf.cz","potentialAction":{"@type":"SearchAction","target":"https:\/\/www.ivaf.cz\/?s={search_term_string}","query-input":"required name=search_term_string"}}]