{"@context":"https:\/\/schema.org\/","@type":"CollectionPage","@id":"https:\/\/www.ivaf.cz\/kultura\/#CollectionPage","headline":"Kultura Category","description":"","url":"https:\/\/www.ivaf.cz\/kultura\/","hasPart":[{"@type":"Article","@id":"https:\/\/www.ivaf.cz\/jsou-kulturni-porady-skutecne-kulturni\/","headline":"Jsou kulturn\u00ed po\u0159ady skute\u010dn\u011b kulturn\u00ed?","url":"https:\/\/www.ivaf.cz\/jsou-kulturni-porady-skutecne-kulturni\/","datePublished":"2023-07-17","dateModified":"2024-05-17","mainEntityOfPage":"https:\/\/www.ivaf.cz\/jsou-kulturni-porady-skutecne-kulturni\/","author":{"@type":"Person","@id":"https:\/\/www.ivaf.cz\/author\/#Person","name":"","url":"https:\/\/www.ivaf.cz\/author\/","identifier":1,"image":{"@type":"ImageObject","@id":"https:\/\/secure.gravatar.com\/avatar\/c4e504508c75b610a351629e223ddd0c5b7858df84b2b7deedc4e007bdf99fc8?s=96&d=mm&r=g","url":"https:\/\/secure.gravatar.com\/avatar\/c4e504508c75b610a351629e223ddd0c5b7858df84b2b7deedc4e007bdf99fc8?s=96&d=mm&r=g","height":96,"width":96}},"publisher":{"@type":"Organization","name":"ivaf.cz","logo":{"@type":"ImageObject","@id":"\/logo.png","url":"\/logo.png","width":600,"height":60}},"image":{"@type":"ImageObject","@id":"https:\/\/www.ivaf.cz\/wp-content\/uploads\/televize1_2.jpg","url":"https:\/\/www.ivaf.cz\/wp-content\/uploads\/televize1_2.jpg","height":0,"width":0},"keywords":null},{"@type":"Article","@id":"https:\/\/www.ivaf.cz\/mam-rada-kulturu\/","headline":"M\u00e1m r\u00e1da kulturu","url":"https:\/\/www.ivaf.cz\/mam-rada-kulturu\/","datePublished":"2022-04-29","dateModified":"2023-05-22","mainEntityOfPage":"https:\/\/www.ivaf.cz\/mam-rada-kulturu\/","author":{"@type":"Person","@id":"https:\/\/www.ivaf.cz\/author\/#Person","name":"","url":"https:\/\/www.ivaf.cz\/author\/","identifier":1,"image":{"@type":"ImageObject","@id":"https:\/\/secure.gravatar.com\/avatar\/c4e504508c75b610a351629e223ddd0c5b7858df84b2b7deedc4e007bdf99fc8?s=96&d=mm&r=g","url":"https:\/\/secure.gravatar.com\/avatar\/c4e504508c75b610a351629e223ddd0c5b7858df84b2b7deedc4e007bdf99fc8?s=96&d=mm&r=g","height":96,"width":96}},"publisher":{"@type":"Organization","name":"ivaf.cz","logo":{"@type":"ImageObject","@id":"\/logo.png","url":"\/logo.png","width":600,"height":60}},"image":{"@type":"ImageObject","@id":"https:\/\/www.ivaf.cz\/wp-content\/uploads\/fitness-1948813_640_2.jpg","url":"https:\/\/www.ivaf.cz\/wp-content\/uploads\/fitness-1948813_640_2.jpg","height":0,"width":0},"keywords":null},{"@type":"Article","@id":"https:\/\/www.ivaf.cz\/nejvetsi-muzeum-pod-sirym-nebem-toskanska-florencie\/","headline":"Nejv\u011bt\u0161\u00ed muzeum pod \u0161ir\u00fdm nebem: Tosk\u00e1nsk\u00e1 Florencie","url":"https:\/\/www.ivaf.cz\/nejvetsi-muzeum-pod-sirym-nebem-toskanska-florencie\/","datePublished":"2019-11-05","dateModified":"2023-05-22","mainEntityOfPage":"https:\/\/www.ivaf.cz\/nejvetsi-muzeum-pod-sirym-nebem-toskanska-florencie\/","author":{"@type":"Person","@id":"https:\/\/www.ivaf.cz\/author\/#Person","name":"","url":"https:\/\/www.ivaf.cz\/author\/","identifier":1,"image":{"@type":"ImageObject","@id":"https:\/\/secure.gravatar.com\/avatar\/c4e504508c75b610a351629e223ddd0c5b7858df84b2b7deedc4e007bdf99fc8?s=96&d=mm&r=g","url":"https:\/\/secure.gravatar.com\/avatar\/c4e504508c75b610a351629e223ddd0c5b7858df84b2b7deedc4e007bdf99fc8?s=96&d=mm&r=g","height":96,"width":96}},"publisher":{"@type":"Organization","name":"ivaf.cz","logo":{"@type":"ImageObject","@id":"\/logo.png","url":"\/logo.png","width":600,"height":60}},"image":{"@type":"ImageObject","@id":"https:\/\/www.ivaf.cz\/wp-content\/uploads\/img_a343188_w2380_t1556364059.jpg","url":"https:\/\/www.ivaf.cz\/wp-content\/uploads\/img_a343188_w2380_t1556364059.jpg","height":0,"width":0},"keywords":null}]}