[{"@context":"https:\/\/schema.org\/","@type":"Article","@id":"https:\/\/www.ivaf.cz\/kolagen-pro-me\/#Article","mainEntityOfPage":"https:\/\/www.ivaf.cz\/kolagen-pro-me\/","headline":"Kolagen pro m\u011b","name":"Kolagen pro m\u011b","description":"Je opravdu hodn\u011b zp\u016fsob\u016f, jak \u010dlov\u011bk m\u016f\u017ee u\u017e\u00edvat potravinov\u00e9 dopl\u0148ky, aby se c\u00edtil opravdu v\u00edce zdrav\u011b a taky aby vypadal skv\u011ble proto\u017ee. A proto mi \u0159ekn\u011bte, kdy\u017e \u010dlov\u011bku t\u0159eba chyb\u00ed nap\u0159\u00edklad n\u011bjak\u00e9 d\u016fle\u017eit\u00e9 vitam\u00edny, tak jeho ple\u0165 u\u017e nemus\u00ed b\u00fdt tak zdrav\u00e1, jak by si p\u0159edstavoval. A tak\u00e9 jeho energie","datePublished":"2023-06-26","dateModified":"2023-07-27","author":{"@type":"Person","@id":"https:\/\/www.ivaf.cz\/author\/#Person","name":"","url":"https:\/\/www.ivaf.cz\/author\/","identifier":1,"image":{"@type":"ImageObject","@id":"https:\/\/secure.gravatar.com\/avatar\/c4e504508c75b610a351629e223ddd0c5b7858df84b2b7deedc4e007bdf99fc8?s=96&d=mm&r=g","url":"https:\/\/secure.gravatar.com\/avatar\/c4e504508c75b610a351629e223ddd0c5b7858df84b2b7deedc4e007bdf99fc8?s=96&d=mm&r=g","height":96,"width":96}},"publisher":{"@type":"Organization","name":"ivaf.cz","logo":{"@type":"ImageObject","@id":"\/logo.png","url":"\/logo.png","width":600,"height":60}},"image":{"@type":"ImageObject","@id":"https:\/\/www.ivaf.cz\/wp-content\/uploads\/encapsulate-2043166_1280.jpg","url":"https:\/\/www.ivaf.cz\/wp-content\/uploads\/encapsulate-2043166_1280.jpg","height":0,"width":0},"url":"https:\/\/www.ivaf.cz\/kolagen-pro-me\/","about":["Slu\u017eby"],"wordCount":399,"articleBody":"   Je opravdu hodn\u011b zp\u016fsob\u016f, jak \u010dlov\u011bk m\u016f\u017ee u\u017e\u00edvat potravinov\u00e9 dopl\u0148ky, aby se c\u00edtil opravdu v\u00edce zdrav\u011b a taky aby vypadal skv\u011ble proto\u017ee. A proto mi \u0159ekn\u011bte, kdy\u017e \u010dlov\u011bku t\u0159eba chyb\u00ed nap\u0159\u00edklad n\u011bjak\u00e9 d\u016fle\u017eit\u00e9 vitam\u00edny, tak jeho ple\u0165 u\u017e nemus\u00ed b\u00fdt tak zdrav\u00e1, jak by si p\u0159edstavoval. A tak\u00e9 jeho energie m\u016f\u017ee b\u00fdt v\u00e1\u017en\u011b na bodu mrazu. Vemte si t\u0159eba, co jsou to kurd\u011bje. A kurd\u011bjemi trp\u00ed nap\u0159\u00edklad n\u00e1mo\u0159n\u00edci. A pr\u00e1v\u011b nemoc kurd\u011bje je kv\u016fli tomu, \u017ee maj\u00ed n\u00e1mo\u0159n\u00edci opravdu m\u00e1lo, skoro \u017e\u00e1dn\u00fd nedostatek vitam\u00ednu C vitam\u00edn. A vitam\u00edn C je opravdu hodn\u011b d\u016fle\u017eit\u00fd, jinak v\u00e1m za\u010dnou krv\u00e1cet d\u00e1sn\u011b a tato nemoc se jmenuje pr\u00e1v\u011b kurd\u011bje. Pokud t\u0159eba nebudete m\u00edt dostatek v\u00e1pn\u00edku, tak va\u0161e zuby a kosti v\u00e1m rozhodn\u011b nepod\u011bkuji, proto\u017ee nedostatkem v\u00e1pn\u00edku riskujete, \u017ee budete m\u00edt opravdu chatrn\u00e9 a zm\u011bkl\u00e9 kosti. Sice nep\u0159\u00edmo zm\u011bkl\u00e9, ale j\u00e1 to \u0159\u00edk\u00e1m pouze lajcky. Tak\u017ee doporu\u010duji, abyste opravdu m\u011bli extra pestrou stravu a tak\u00e9 dostatek pohybu anebo abyste u\u017e\u00edvali r\u016fzn\u00e9 potravy nov\u00e9 dopl\u0148ky. J\u00e1 jsem si moc obl\u00edbila kolagen na ple\u0165. A je to perfektn\u00ed \u017eiv\u00fd kolagen, kter\u00fd v\u00e1m dod\u00e1 miner\u00e1ly a dal\u0161\u00ed l\u00e1tky. Anebo tak\u00e9 si m\u016f\u017eete sehnat hydrolyzovan\u00fd ryb\u00ed kolagen s kyselinou hyaluronovou, kdy kyselina hyaluronov\u00e1 opravdu p\u016fsob\u00ed perfektn\u011b na ple\u0165.A tady potom va\u0161e vr\u00e1sky budou m\u00e9n\u011b viditeln\u00e9. Pokud sh\u00e1n\u00edte opravdu kvalitn\u00ed kolagen na ple\u0165, tak se zkuste pod\u00edvat na webov\u00e9 str\u00e1nky orcacollagen.cz, kde se\u017eenete opravdu mnoho informac\u00ed o kolagenu a tak\u00e9 o \u00fa\u010dinc\u00edch kolagenu a jak p\u016fsob\u00ed na va\u0161i ple\u0165 a celkov\u011b na zdrav\u00ed. Kolagen na ple\u0165 p\u016fsob\u00ed nejenom na ple\u0165, tak\u00e9 na podko\u017en\u00ed vazivo a tak\u00e9 na klouby a \u0161lachy a na va\u0161e vlasy a tak\u00e9 samoz\u0159ejm\u011b nehty. Opravdu uvid\u00edte sami, jak blahod\u00e1rn\u00e9 \u00fa\u010dinky bude m\u00edt na va\u0161e zdrav\u00ed a vzhled pr\u00e1v\u011b zm\u00edn\u011bn\u00fd kolagen na ple\u0165. A kolagen na ple\u0165 p\u016fsob\u00ed skv\u011ble i na klouby a podobn\u011b.                                                                                                                                                                                                                                                                                                                                                                                          4.4\/5 - (10 votes)        "},{"@context":"https:\/\/schema.org\/","@type":"BreadcrumbList","itemListElement":[{"@type":"ListItem","position":1,"name":"Kolagen pro m\u011b","item":"https:\/\/www.ivaf.cz\/kolagen-pro-me\/#breadcrumbitem"}]}]