[{"@context":"https:\/\/schema.org\/","@type":"Article","@id":"https:\/\/www.ivaf.cz\/jak-je-dulezity-uklid\/#Article","mainEntityOfPage":"https:\/\/www.ivaf.cz\/jak-je-dulezity-uklid\/","headline":"Jak je d\u016fle\u017eit\u00fd \u00faklid","name":"Jak je d\u016fle\u017eit\u00fd \u00faklid","description":"Vrstva prachu na n\u00e1bytku, okna, p\u0159es kter\u00e1 se u\u017e ned\u00e1 d\u00edvat, kupa nevy\u017eehlen\u00e9ho pr\u00e1dla ve sk\u0159\u00edni, \u0161mouhy na zrcadlech a kachl\u00ed\u010dk\u00e1ch, \u0161pinav\u00e9 podlahy, nevyklepan\u00e9 koberce? To v\u0161e se n\u00e1m m\u016f\u017ee st\u00e1t, pokud zanedb\u00e1me pravideln\u00fd \u00faklid. Tyto velmi d\u016fle\u017eit\u00e9 \u00faklidov\u00e9 \u010dinnosti jsou v\u0161ak v\u011bt\u0161inou dosti nez\u00e1bavn\u00e9 a otravn\u00e9 a zab\u00edraj\u00ed n\u00e1m","datePublished":"2019-10-23","dateModified":"2023-05-22","author":{"@type":"Person","@id":"https:\/\/www.ivaf.cz\/author\/#Person","name":"","url":"https:\/\/www.ivaf.cz\/author\/","identifier":1,"image":{"@type":"ImageObject","@id":"https:\/\/secure.gravatar.com\/avatar\/c4e504508c75b610a351629e223ddd0c5b7858df84b2b7deedc4e007bdf99fc8?s=96&d=mm&r=g","url":"https:\/\/secure.gravatar.com\/avatar\/c4e504508c75b610a351629e223ddd0c5b7858df84b2b7deedc4e007bdf99fc8?s=96&d=mm&r=g","height":96,"width":96}},"publisher":{"@type":"Organization","name":"ivaf.cz","logo":{"@type":"ImageObject","@id":"\/logo.png","url":"\/logo.png","width":600,"height":60}},"image":{"@type":"ImageObject","@id":"https:\/\/www.ivaf.cz\/wp-content\/uploads\/img_a357885_w3364_t1572193833.jpg","url":"https:\/\/www.ivaf.cz\/wp-content\/uploads\/img_a357885_w3364_t1572193833.jpg","height":0,"width":0},"url":"https:\/\/www.ivaf.cz\/jak-je-dulezity-uklid\/","about":["Slu\u017eby"],"wordCount":415,"articleBody":"Vrstva prachu na n\u00e1bytku, okna, p\u0159es kter\u00e1 se u\u017e ned\u00e1 d\u00edvat, kupa nevy\u017eehlen\u00e9ho pr\u00e1dla ve sk\u0159\u00edni, \u0161mouhy na zrcadlech a kachl\u00ed\u010dk\u00e1ch, \u0161pinav\u00e9 podlahy, nevyklepan\u00e9 koberce? To v\u0161e se n\u00e1m m\u016f\u017ee st\u00e1t, pokud zanedb\u00e1me pravideln\u00fd \u00faklid. Tyto velmi d\u016fle\u017eit\u00e9 \u00faklidov\u00e9 \u010dinnosti jsou v\u0161ak v\u011bt\u0161inou dosti nez\u00e1bavn\u00e9 a otravn\u00e9 a zab\u00edraj\u00ed n\u00e1m hodn\u011b \u010dasu, kter\u00fd bychom rad\u011bji v\u011bnovali odpo\u010dinku a relaxaci po n\u00e1ro\u010dn\u00e9m dni v pr\u00e1ci. Nebo bychom se mohli v\u00edce v\u011bnovat sv\u00e9 rodin\u011b. Nav\u0161t\u00edvit kino, divadeln\u00ed p\u0159edstaven\u00ed, proj\u00edt se do parku, do lesa je ur\u010dit\u011b mnohem p\u0159\u00edjemn\u011bj\u0161\u00ed.&nbsp;Ano, mo\u017en\u00e1 by bylo dobr\u00e9 n\u011bkdy pop\u0159em\u00fd\u0161let o n\u011bjak\u00e9 \u00faklidov\u00e9 firm\u011b. M\u00edt kolem sebe \u010disto a po\u0159\u00e1dek je opravdu z\u00e1klad, proto\u017ee pak se n\u00e1m l\u00e9pe \u017eije a d\u00fdch\u00e1. M\u00e1me lep\u0161\u00ed n\u00e1ladu, pohl\u00ed\u017e\u00edme na sv\u011bt kolem sebe vesele a pozitivn\u011b. Po\u0159\u00e1dek navozuje tu spr\u00e1vnou rodinnou atmosf\u00e9ru. Bez uklizen\u00e9ho bytu, domu nikoho nic moc nebav\u00ed.&nbsp;Asi by bylo lep\u0161\u00ed, kdybychom si \u00faklid zajistili sami. Do na\u0161eho bytu, domu p\u0159ece nepust\u00edme n\u011bkoho ciz\u00edho? To je pravda, ale kdy\u017e u\u017e nen\u00ed jin\u00e1 mo\u017enost a na ukl\u00edzen\u00ed a \u00fadr\u017ebu n\u00e1m opravdu nezb\u00fdv\u00e1 \u010das ani s\u00edly, je \u0159e\u0161en\u00ed \u00faklidov\u00e9 slu\u017eby touspr\u00e1vnou volbou.&nbsp;Pokud se tak rozhodneme, v\u00edce informac\u00ed &ndash; nab\u00eddku slu\u017eeb, cen\u00edk i reference se m\u016f\u017eeme dozv\u011bd\u011bt nap\u0159\u00edklad na internetu, kde si do vyhled\u00e1va\u010de zad\u00e1me konkr\u00e9tn\u00ed \u010dinnosti, o kter\u00e9 bychom mohli m\u00edt z\u00e1jem &ndash;&nbsp; myt\u00ed oken, podlah, \u017eehlen\u00ed pr\u00e1dla, ut\u00edr\u00e1n\u00ed prachu, \u00faklid soci\u00e1ln\u00edho za\u0159\u00edzen\u00ed, koupelny, \u010di\u0161t\u011bn\u00ed koberc\u016f, sedac\u00edch souprav,&nbsp; mal\u00ed\u0159sk\u00e9 a nat\u011bra\u010dsk\u00e9 pr\u00e1ce, \u00faklid po malov\u00e1n\u00ed, po stavebn\u00edch nebo \u0159emesln\u00fdch prac\u00edch, \u010di\u0161t\u011bn\u00ed interi\u00e9r\u016f automobil\u016f, v\u00fdpomoc na zahrad\u011b atd.&nbsp;\u00daklidov\u00e9 firmy pou\u017e\u00edvaj\u00ed kvalitn\u00ed \u010distic\u00ed, \u00faklidov\u00e9 a hygienick\u00e9 prost\u0159edky, kter\u00e9 si u n\u011bkter\u00fdch firem m\u016f\u017eeme tak\u00e9 zakoupit. V nab\u00eddce je strojov\u00e9 nebo ru\u010dn\u00ed myt\u00ed a \u00fadr\u017eba. Tyto slu\u017eby vznikly pro n\u00e1\u0161 spokojen\u011bj\u0161\u00ed a pohodov\u011bj\u0161\u00ed \u017eivot, tak je nev\u00e1hejme vyu\u017e\u00edt.                                                                                                                                                                                                                                                                                                                                                                                        4.1\/5 - (10 votes)        "},{"@context":"https:\/\/schema.org\/","@type":"BreadcrumbList","itemListElement":[{"@type":"ListItem","position":1,"name":"Jak je d\u016fle\u017eit\u00fd \u00faklid","item":"https:\/\/www.ivaf.cz\/jak-je-dulezity-uklid\/#breadcrumbitem"}]}]