{"@context":"https:\/\/schema.org\/","@type":"CollectionPage","@id":"https:\/\/www.ivaf.cz\/ekonomika\/#CollectionPage","headline":"Ekonomika Category","description":"","url":"https:\/\/www.ivaf.cz\/ekonomika\/","hasPart":[{"@type":"Article","@id":"https:\/\/www.ivaf.cz\/proc-si-sjednat-pujcku-online-vyhody-digitalnich-sluzeb\/","headline":"Pro\u010d si sjednat p\u016fj\u010dku online? V\u00fdhody digit\u00e1ln\u00edch slu\u017eeb","url":"https:\/\/www.ivaf.cz\/proc-si-sjednat-pujcku-online-vyhody-digitalnich-sluzeb\/","datePublished":"2024-12-09","dateModified":"2024-12-09","mainEntityOfPage":"https:\/\/www.ivaf.cz\/proc-si-sjednat-pujcku-online-vyhody-digitalnich-sluzeb\/","author":{"@type":"Person","@id":"https:\/\/www.ivaf.cz\/author\/#Person","name":"","url":"https:\/\/www.ivaf.cz\/author\/","identifier":1,"image":{"@type":"ImageObject","@id":"https:\/\/secure.gravatar.com\/avatar\/c4e504508c75b610a351629e223ddd0c5b7858df84b2b7deedc4e007bdf99fc8?s=96&d=mm&r=g","url":"https:\/\/secure.gravatar.com\/avatar\/c4e504508c75b610a351629e223ddd0c5b7858df84b2b7deedc4e007bdf99fc8?s=96&d=mm&r=g","height":96,"width":96}},"publisher":{"@type":"Organization","name":"ivaf.cz","logo":{"@type":"ImageObject","@id":"\/logo.png","url":"\/logo.png","width":600,"height":60}},"image":{"@type":"ImageObject","@id":"https:\/\/www.ivaf.cz\/wp-content\/uploads\/penize_M7dAxt.jpg","url":"https:\/\/www.ivaf.cz\/wp-content\/uploads\/penize_M7dAxt.jpg","height":0,"width":0},"keywords":null},{"@type":"Article","@id":"https:\/\/www.ivaf.cz\/bez-ekonomiky-se-neobejdeme\/","headline":"Bez ekonomiky se neobejdeme","url":"https:\/\/www.ivaf.cz\/bez-ekonomiky-se-neobejdeme\/","datePublished":"2021-05-29","dateModified":"2023-05-22","mainEntityOfPage":"https:\/\/www.ivaf.cz\/bez-ekonomiky-se-neobejdeme\/","author":{"@type":"Person","@id":"https:\/\/www.ivaf.cz\/author\/#Person","name":"","url":"https:\/\/www.ivaf.cz\/author\/","identifier":1,"image":{"@type":"ImageObject","@id":"https:\/\/secure.gravatar.com\/avatar\/c4e504508c75b610a351629e223ddd0c5b7858df84b2b7deedc4e007bdf99fc8?s=96&d=mm&r=g","url":"https:\/\/secure.gravatar.com\/avatar\/c4e504508c75b610a351629e223ddd0c5b7858df84b2b7deedc4e007bdf99fc8?s=96&d=mm&r=g","height":96,"width":96}},"publisher":{"@type":"Organization","name":"ivaf.cz","logo":{"@type":"ImageObject","@id":"\/logo.png","url":"\/logo.png","width":600,"height":60}},"image":{"@type":"ImageObject","@id":"https:\/\/www.ivaf.cz\/wp-content\/uploads\/indick%C3%A9%20pen%C3%ADze_6.jpg","url":"https:\/\/www.ivaf.cz\/wp-content\/uploads\/indick%C3%A9%20pen%C3%ADze_6.jpg","height":0,"width":0},"keywords":null},{"@type":"Article","@id":"https:\/\/www.ivaf.cz\/jak-koupit-akcie-a-ktery-akciovy-broker-je-nejlepsi\/","headline":"Jak koupit akcie? A kter\u00fd akciov\u00fd broker je nejlep\u0161\u00ed?","url":"https:\/\/www.ivaf.cz\/jak-koupit-akcie-a-ktery-akciovy-broker-je-nejlepsi\/","datePublished":"2020-09-12","dateModified":"2023-08-21","mainEntityOfPage":"https:\/\/www.ivaf.cz\/jak-koupit-akcie-a-ktery-akciovy-broker-je-nejlepsi\/","author":{"@type":"Person","@id":"https:\/\/www.ivaf.cz\/author\/#Person","name":"","url":"https:\/\/www.ivaf.cz\/author\/","identifier":1,"image":{"@type":"ImageObject","@id":"https:\/\/secure.gravatar.com\/avatar\/c4e504508c75b610a351629e223ddd0c5b7858df84b2b7deedc4e007bdf99fc8?s=96&d=mm&r=g","url":"https:\/\/secure.gravatar.com\/avatar\/c4e504508c75b610a351629e223ddd0c5b7858df84b2b7deedc4e007bdf99fc8?s=96&d=mm&r=g","height":96,"width":96}},"publisher":{"@type":"Organization","name":"ivaf.cz","logo":{"@type":"ImageObject","@id":"\/logo.png","url":"\/logo.png","width":600,"height":60}},"image":{"@type":"ImageObject","@id":"https:\/\/www.ivaf.cz\/wp-content\/uploads\/img_a386501_w3364_t1599728030.jpg","url":"https:\/\/www.ivaf.cz\/wp-content\/uploads\/img_a386501_w3364_t1599728030.jpg","height":0,"width":0},"keywords":null},{"@type":"Article","@id":"https:\/\/www.ivaf.cz\/jaky-je-vlastne-rozdil-mezi-bankovnimi-a-nebankovnimi-pujckami\/","headline":"Jak\u00fd je vlastn\u011b rozd\u00edl mezi bankovn\u00edmi a nebankovn\u00edmi p\u016fj\u010dkami?","url":"https:\/\/www.ivaf.cz\/jaky-je-vlastne-rozdil-mezi-bankovnimi-a-nebankovnimi-pujckami\/","datePublished":"2020-08-14","dateModified":"2023-05-22","mainEntityOfPage":"https:\/\/www.ivaf.cz\/jaky-je-vlastne-rozdil-mezi-bankovnimi-a-nebankovnimi-pujckami\/","author":{"@type":"Person","@id":"https:\/\/www.ivaf.cz\/author\/#Person","name":"","url":"https:\/\/www.ivaf.cz\/author\/","identifier":1,"image":{"@type":"ImageObject","@id":"https:\/\/secure.gravatar.com\/avatar\/c4e504508c75b610a351629e223ddd0c5b7858df84b2b7deedc4e007bdf99fc8?s=96&d=mm&r=g","url":"https:\/\/secure.gravatar.com\/avatar\/c4e504508c75b610a351629e223ddd0c5b7858df84b2b7deedc4e007bdf99fc8?s=96&d=mm&r=g","height":96,"width":96}},"publisher":{"@type":"Organization","name":"ivaf.cz","logo":{"@type":"ImageObject","@id":"\/logo.png","url":"\/logo.png","width":600,"height":60}},"image":{"@type":"ImageObject","@id":"https:\/\/www.ivaf.cz\/wp-content\/uploads\/v%C3%BDhodn%C3%A1%20hypot%C3%A9ka.jpg","url":"https:\/\/www.ivaf.cz\/wp-content\/uploads\/v%C3%BDhodn%C3%A1%20hypot%C3%A9ka.jpg","height":0,"width":0},"keywords":null},{"@type":"Article","@id":"https:\/\/www.ivaf.cz\/nekdo-vzdycky-pujci\/","headline":"N\u011bkdo v\u017edycky p\u016fj\u010d\u00ed","url":"https:\/\/www.ivaf.cz\/nekdo-vzdycky-pujci\/","datePublished":"2020-05-17","dateModified":"2023-05-22","mainEntityOfPage":"https:\/\/www.ivaf.cz\/nekdo-vzdycky-pujci\/","author":{"@type":"Person","@id":"https:\/\/www.ivaf.cz\/author\/#Person","name":"","url":"https:\/\/www.ivaf.cz\/author\/","identifier":1,"image":{"@type":"ImageObject","@id":"https:\/\/secure.gravatar.com\/avatar\/c4e504508c75b610a351629e223ddd0c5b7858df84b2b7deedc4e007bdf99fc8?s=96&d=mm&r=g","url":"https:\/\/secure.gravatar.com\/avatar\/c4e504508c75b610a351629e223ddd0c5b7858df84b2b7deedc4e007bdf99fc8?s=96&d=mm&r=g","height":96,"width":96}},"publisher":{"@type":"Organization","name":"ivaf.cz","logo":{"@type":"ImageObject","@id":"\/logo.png","url":"\/logo.png","width":600,"height":60}},"image":{"@type":"ImageObject","@id":"https:\/\/www.ivaf.cz\/wp-content\/uploads\/slo%C5%BEen%C3%A9%20%C3%BA%C4%8Dtenky.jpg","url":"https:\/\/www.ivaf.cz\/wp-content\/uploads\/slo%C5%BEen%C3%A9%20%C3%BA%C4%8Dtenky.jpg","height":0,"width":0},"keywords":null},{"@type":"Article","@id":"https:\/\/www.ivaf.cz\/terazky-si-klidne-pujcte\/","headline":"Terazky si klidn\u011b p\u016fj\u010dte","url":"https:\/\/www.ivaf.cz\/terazky-si-klidne-pujcte\/","datePublished":"2020-03-17","dateModified":"2023-05-22","mainEntityOfPage":"https:\/\/www.ivaf.cz\/terazky-si-klidne-pujcte\/","author":{"@type":"Person","@id":"https:\/\/www.ivaf.cz\/author\/#Person","name":"","url":"https:\/\/www.ivaf.cz\/author\/","identifier":1,"image":{"@type":"ImageObject","@id":"https:\/\/secure.gravatar.com\/avatar\/c4e504508c75b610a351629e223ddd0c5b7858df84b2b7deedc4e007bdf99fc8?s=96&d=mm&r=g","url":"https:\/\/secure.gravatar.com\/avatar\/c4e504508c75b610a351629e223ddd0c5b7858df84b2b7deedc4e007bdf99fc8?s=96&d=mm&r=g","height":96,"width":96}},"publisher":{"@type":"Organization","name":"ivaf.cz","logo":{"@type":"ImageObject","@id":"\/logo.png","url":"\/logo.png","width":600,"height":60}},"image":{"@type":"ImageObject","@id":"https:\/\/www.ivaf.cz\/wp-content\/uploads\/krabice%20s%20mincemi.jpg","url":"https:\/\/www.ivaf.cz\/wp-content\/uploads\/krabice%20s%20mincemi.jpg","height":0,"width":0},"keywords":null},{"@type":"Article","@id":"https:\/\/www.ivaf.cz\/kolik-penez-bychom-meli-mit-v-rezerve\/","headline":"Kolik pen\u011bz bychom m\u011bli m\u00edt v rezerv\u011b","url":"https:\/\/www.ivaf.cz\/kolik-penez-bychom-meli-mit-v-rezerve\/","datePublished":"2020-03-17","dateModified":"2023-05-22","mainEntityOfPage":"https:\/\/www.ivaf.cz\/kolik-penez-bychom-meli-mit-v-rezerve\/","author":{"@type":"Person","@id":"https:\/\/www.ivaf.cz\/author\/#Person","name":"","url":"https:\/\/www.ivaf.cz\/author\/","identifier":1,"image":{"@type":"ImageObject","@id":"https:\/\/secure.gravatar.com\/avatar\/c4e504508c75b610a351629e223ddd0c5b7858df84b2b7deedc4e007bdf99fc8?s=96&d=mm&r=g","url":"https:\/\/secure.gravatar.com\/avatar\/c4e504508c75b610a351629e223ddd0c5b7858df84b2b7deedc4e007bdf99fc8?s=96&d=mm&r=g","height":96,"width":96}},"publisher":{"@type":"Organization","name":"ivaf.cz","logo":{"@type":"ImageObject","@id":"\/logo.png","url":"\/logo.png","width":600,"height":60}},"image":{"@type":"ImageObject","@id":"https:\/\/www.ivaf.cz\/wp-content\/uploads\/penize1.jpg","url":"https:\/\/www.ivaf.cz\/wp-content\/uploads\/penize1.jpg","height":0,"width":0},"keywords":null},{"@type":"Article","@id":"https:\/\/www.ivaf.cz\/co-je-ekonomika-a-jak-nam-muze-v-zivote-prospet\/","headline":"Co je ekonomika a jak n\u00e1m m\u016f\u017ee v \u017eivot\u011b prosp\u011bt?","url":"https:\/\/www.ivaf.cz\/co-je-ekonomika-a-jak-nam-muze-v-zivote-prospet\/","datePublished":"2019-09-19","dateModified":"2023-05-22","mainEntityOfPage":"https:\/\/www.ivaf.cz\/co-je-ekonomika-a-jak-nam-muze-v-zivote-prospet\/","author":{"@type":"Person","@id":"https:\/\/www.ivaf.cz\/author\/#Person","name":"","url":"https:\/\/www.ivaf.cz\/author\/","identifier":1,"image":{"@type":"ImageObject","@id":"https:\/\/secure.gravatar.com\/avatar\/c4e504508c75b610a351629e223ddd0c5b7858df84b2b7deedc4e007bdf99fc8?s=96&d=mm&r=g","url":"https:\/\/secure.gravatar.com\/avatar\/c4e504508c75b610a351629e223ddd0c5b7858df84b2b7deedc4e007bdf99fc8?s=96&d=mm&r=g","height":96,"width":96}},"publisher":{"@type":"Organization","name":"ivaf.cz","logo":{"@type":"ImageObject","@id":"\/logo.png","url":"\/logo.png","width":600,"height":60}},"image":{"@type":"ImageObject","@id":"https:\/\/www.ivaf.cz\/wp-content\/uploads\/img_a355414_w3364_t1569694738.jpg","url":"https:\/\/www.ivaf.cz\/wp-content\/uploads\/img_a355414_w3364_t1569694738.jpg","height":0,"width":0},"keywords":null},{"@type":"Article","@id":"https:\/\/www.ivaf.cz\/je-vas-prijem-skutecne-tak-nizky\/","headline":"Je v\u00e1\u0161 p\u0159\u00edjem skute\u010dn\u011b tak n\u00edzk\u00fd?","url":"https:\/\/www.ivaf.cz\/je-vas-prijem-skutecne-tak-nizky\/","datePublished":"2019-09-14","dateModified":"2023-05-22","mainEntityOfPage":"https:\/\/www.ivaf.cz\/je-vas-prijem-skutecne-tak-nizky\/","author":{"@type":"Person","@id":"https:\/\/www.ivaf.cz\/author\/#Person","name":"","url":"https:\/\/www.ivaf.cz\/author\/","identifier":1,"image":{"@type":"ImageObject","@id":"https:\/\/secure.gravatar.com\/avatar\/c4e504508c75b610a351629e223ddd0c5b7858df84b2b7deedc4e007bdf99fc8?s=96&d=mm&r=g","url":"https:\/\/secure.gravatar.com\/avatar\/c4e504508c75b610a351629e223ddd0c5b7858df84b2b7deedc4e007bdf99fc8?s=96&d=mm&r=g","height":96,"width":96}},"publisher":{"@type":"Organization","name":"ivaf.cz","logo":{"@type":"ImageObject","@id":"\/logo.png","url":"\/logo.png","width":600,"height":60}},"image":{"@type":"ImageObject","@id":"https:\/\/www.ivaf.cz\/wp-content\/uploads\/img_a343699_w3185_t1556880873.jpg","url":"https:\/\/www.ivaf.cz\/wp-content\/uploads\/img_a343699_w3185_t1556880873.jpg","height":0,"width":0},"keywords":null},{"@type":"Article","@id":"https:\/\/www.ivaf.cz\/aby-slo-vse-snadneji\/","headline":"Aby \u0161lo v\u0161e snadn\u011bji","url":"https:\/\/www.ivaf.cz\/aby-slo-vse-snadneji\/","datePublished":"2018-11-17","dateModified":"2023-05-22","mainEntityOfPage":"https:\/\/www.ivaf.cz\/aby-slo-vse-snadneji\/","author":{"@type":"Person","@id":"https:\/\/www.ivaf.cz\/author\/#Person","name":"","url":"https:\/\/www.ivaf.cz\/author\/","identifier":1,"image":{"@type":"ImageObject","@id":"https:\/\/secure.gravatar.com\/avatar\/c4e504508c75b610a351629e223ddd0c5b7858df84b2b7deedc4e007bdf99fc8?s=96&d=mm&r=g","url":"https:\/\/secure.gravatar.com\/avatar\/c4e504508c75b610a351629e223ddd0c5b7858df84b2b7deedc4e007bdf99fc8?s=96&d=mm&r=g","height":96,"width":96}},"publisher":{"@type":"Organization","name":"ivaf.cz","logo":{"@type":"ImageObject","@id":"\/logo.png","url":"\/logo.png","width":600,"height":60}},"image":{"@type":"ImageObject","@id":"https:\/\/www.ivaf.cz\/wp-content\/uploads\/img_a330245_w1693_t1542823336.jpg","url":"https:\/\/www.ivaf.cz\/wp-content\/uploads\/img_a330245_w1693_t1542823336.jpg","height":0,"width":0},"keywords":null}]}